{"id":20880,"date":"2014-06-16T09:05:50","date_gmt":"2014-06-16T14:05:50","guid":{"rendered":"http:\/\/www.ambiente.gob.ec\/?p=20880"},"modified":"2014-06-16T14:12:29","modified_gmt":"2014-06-16T19:12:29","slug":"mae-organiza-el-primer-taller-tecnico-para-la-estructuracion-y-desarrollo-de-nama","status":"publish","type":"post","link":"https:\/\/www.ambienteyenergia.gob.ec\/ambiente\/mae-organiza-el-primer-taller-tecnico-para-la-estructuracion-y-desarrollo-de-nama\/","title":{"rendered":"MAE organiza el Primer Taller T\u00e9cnico para la estructuraci\u00f3n y desarrollo de NAMA"},"content":{"rendered":"<p style=\"text-align: justify;\">El Ministerio del Ambiente de Ecuador (MAE), a trav\u00e9s de la Subsecretar\u00eda de Cambio Clim\u00e1tico, por medio del Proyecto Fomento de Capacidades para la Mitigaci\u00f3n del Cambio Clim\u00e1tico en Ecuador (FOCAM), organiz\u00f3 el primer \u201cTaller T\u00e9cnico para la Estructuraci\u00f3n y Desarrollo de Acciones Nacionales Apropiadas de Mitigaci\u00f3n\u201d (NAMA, por sus siglas en ingl\u00e9s) los d\u00edas 12 y 13 de junio en el Hotel Quito.<\/p>\n<p style=\"text-align: justify;\">El objeto de este encuentro fue fortalecer las capacidades de las instituciones p\u00fablicas y privadas para el desarrollo y estructuraci\u00f3n conceptual de NAMA en el Ecuador, que es una propuesta para la mitigaci\u00f3n promulgada por la Convenci\u00f3n Marco de las Naciones Unidas sobre el Cambio Clim\u00e1tico (CMNUCC), con el fin de incrementar los niveles de reducci\u00f3n de emisiones encaminados a garantizar un desarrollo sostenible.<\/p>\n<p style=\"text-align: justify;\">El a\u00f1o pasado se realiz\u00f3 el taller de lanzamiento NAMA, en el que se estableci\u00f3 un mecanismo de trabajo interinstitucional para el desarrollo de acciones de mitigaci\u00f3n en el Ecuador. A partir de entonces, el proyecto conjunto del MAE-FOCAM y el Programa de Naciones Unidas para el Desarrollo (PNUD), ha avanzado en la construcci\u00f3n de tres NAMA prioritarias para el sector energ\u00e9tico del Ecuador: OGE &amp; EE, Programa Cocci\u00f3n Eficiente y Desarrollo Hidroel\u00e9ctrico.<\/p>\n<p style=\"text-align: justify;\">Durante la primera jornada del Taller T\u00e9cnico, dirigido por la Subsecretar\u00eda de Cambio Clim\u00e1tico, a trav\u00e9s del proyecto FOCAM en conjunto con el equipo de la compa\u00f1\u00eda consultora DNV, se discuti\u00f3 sobre el contexto nacional e internacional de NAMA as\u00ed como los lineamientos generales para su estructuraci\u00f3n. Adem\u00e1s, se realizaron ejercicios pr\u00e1cticos que trataron sobre la necesidad de establecer arreglos institucionales que permitan el adecuado funcionamiento de NAMA. Las entidades participantes tuvieron la oportunidad de compartir sus experiencias en lo relacionado a estos temas por medio de mesas de trabajo.<\/p>\n<p style=\"text-align: justify;\">Durante la \u00faltima jornada del taller, se trabaj\u00f3 en la determinaci\u00f3n del alcance, cobeneficios y sistemas de Monitoreo Reporte y Verificaci\u00f3n (MRV) de NAMA.<\/p>\n<p style=\"text-align: justify;\">El desarrollo de este primer encuentro permiti\u00f3 evidenciar los avances en el desarrollo conceptual de las acciones para la mitigaci\u00f3n, desarrolladas por el proyecto, as\u00ed como tambi\u00e9n sobre los alcances de su implementaci\u00f3n.<\/p>\n<p style=\"text-align: justify;\">Se espera dar continuidad al trabajo realizado con la ejecuci\u00f3n de un nuevo taller para cubrir otros temas relevantes en el desarrollo de NAMA en el pa\u00eds.<\/p>\n","protected":false},"excerpt":{"rendered":"<p class=\"excerpt\">El Ministerio del Ambiente de Ecuador (MAE), a trav\u00e9s de la Subsecretar\u00eda de Cambio Clim\u00e1tico, por medio del Proyecto Fomento de Capacidades para la Mitigaci\u00f3n del Cambio Clim\u00e1tico en Ecuador (FOCAM), organiz\u00f3 el primer \u201cTaller T\u00e9cnico para la Estructuraci\u00f3n y Desarrollo de Acciones Nacionales Apropiadas de Mitigaci\u00f3n\u201d (NAMA, por sus siglas en ingl\u00e9s) los d\u00edas 12 y 13 de junio&hellip; <a href=\"https:\/\/www.ambienteyenergia.gob.ec\/ambiente\/mae-organiza-el-primer-taller-tecnico-para-la-estructuracion-y-desarrollo-de-nama\/\">Read more &rarr;<\/a><\/p>\n","protected":false},"author":13,"featured_media":20881,"comment_status":"open","ping_status":"open","sticky":false,"template":"","format":"standard","meta":{"footnotes":""},"categories":[16,4],"tags":[108,53,516,517],"class_list":["post-20880","post","type-post","status-publish","format-standard","has-post-thumbnail","hentry","category-comunicamos","category-noticias","tag-lorena-tapia","tag-mae","tag-nama","tag-subsecretaria-de-cambio-climatico","xfolkentry"],"_links":{"self":[{"href":"https:\/\/www.ambienteyenergia.gob.ec\/ambiente\/wp-json\/wp\/v2\/posts\/20880","targetHints":{"allow":["GET"]}}],"collection":[{"href":"https:\/\/www.ambienteyenergia.gob.ec\/ambiente\/wp-json\/wp\/v2\/posts"}],"about":[{"href":"https:\/\/www.ambienteyenergia.gob.ec\/ambiente\/wp-json\/wp\/v2\/types\/post"}],"author":[{"embeddable":true,"href":"https:\/\/www.ambienteyenergia.gob.ec\/ambiente\/wp-json\/wp\/v2\/users\/13"}],"replies":[{"embeddable":true,"href":"https:\/\/www.ambienteyenergia.gob.ec\/ambiente\/wp-json\/wp\/v2\/comments?post=20880"}],"version-history":[{"count":0,"href":"https:\/\/www.ambienteyenergia.gob.ec\/ambiente\/wp-json\/wp\/v2\/posts\/20880\/revisions"}],"wp:featuredmedia":[{"embeddable":true,"href":"https:\/\/www.ambienteyenergia.gob.ec\/ambiente\/wp-json\/wp\/v2\/media\/20881"}],"wp:attachment":[{"href":"https:\/\/www.ambienteyenergia.gob.ec\/ambiente\/wp-json\/wp\/v2\/media?parent=20880"}],"wp:term":[{"taxonomy":"category","embeddable":true,"href":"https:\/\/www.ambienteyenergia.gob.ec\/ambiente\/wp-json\/wp\/v2\/categories?post=20880"},{"taxonomy":"post_tag","embeddable":true,"href":"https:\/\/www.ambienteyenergia.gob.ec\/ambiente\/wp-json\/wp\/v2\/tags?post=20880"}],"curies":[{"name":"wp","href":"https:\/\/api.w.org\/{rel}","templated":true}]}}