{"id":20877,"date":"2014-06-16T09:00:50","date_gmt":"2014-06-16T14:00:50","guid":{"rendered":"http:\/\/www.ambiente.gob.ec\/?p=20877"},"modified":"2014-06-16T09:00:50","modified_gmt":"2014-06-16T14:00:50","slug":"mae-rescata-varios-especimenes-de-vida-silvestre-en-loja","status":"publish","type":"post","link":"https:\/\/www.ambienteyenergia.gob.ec\/ambiente\/mae-rescata-varios-especimenes-de-vida-silvestre-en-loja\/","title":{"rendered":"MAE rescata varios espec\u00edmenes de vida silvestre en Loja"},"content":{"rendered":"<p style=\"text-align: justify;\">Gracias a la informaci\u00f3n de la ciudadan\u00eda, en la presente semana, T\u00e9cnicos de Vida Silvestre de la Direcci\u00f3n Provincial de Ambiente de Loja en coordinaci\u00f3n con la Unidad de Protecci\u00f3n del Medio Ambiente (UPMA) de la Polic\u00eda Nacional, lograron el decomiso de varios espec\u00edmenes de vida silvestre.<\/p>\n<p style=\"text-align: justify;\">Entre los animales rescatados de encuentra un sahino de collar (Pecari tajacu), dos chontos o venados colorados (Mazama americana), un patillo (Anas sp), una lechuza campanaria (Tyto alba) y una piel de disecada de puma concolor, como elemento constitutivo.<\/p>\n<p style=\"text-align: justify;\">Los operativos de control se realizaron en varios parroquias de los cantones Macar\u00e1 y Loja.<\/p>\n<p style=\"text-align: justify;\">Estos espec\u00edmenes fueron entregados voluntariamente a la Unidad de Vida Silvestre de la Direcci\u00f3n Provincial y posteriormente fueron trasladados al Zool\u00f3gico Municipal Orillas del Zamora, de la ciudad de Loja para su an\u00e1lisis y valoraci\u00f3n por los veterinarios del Zool\u00f3gico.<\/p>\n<p style=\"text-align: justify;\">El patillo (Anas sp), por sus condiciones favorables fue liberado en su h\u00e1bitat natural.<\/p>\n<p style=\"text-align: justify;\">El Ministerio del Ambiente lleva a cabo operativos de control, de forma permanente en todo el pa\u00eds con el fin de cumplir con la Normativa Ambiental vigente, con el fin de proteger nuestro Patrimonio Natural.<\/p>\n","protected":false},"excerpt":{"rendered":"<p class=\"excerpt\">Gracias a la informaci\u00f3n de la ciudadan\u00eda, en la presente semana, T\u00e9cnicos de Vida Silvestre de la Direcci\u00f3n Provincial de Ambiente de Loja en coordinaci\u00f3n con la Unidad de Protecci\u00f3n del Medio Ambiente (UPMA) de la Polic\u00eda Nacional, lograron el decomiso de varios espec\u00edmenes de vida silvestre. Entre los animales rescatados de encuentra un sahino de collar (Pecari tajacu), dos&hellip; <a href=\"https:\/\/www.ambienteyenergia.gob.ec\/ambiente\/mae-rescata-varios-especimenes-de-vida-silvestre-en-loja\/\">Read more &rarr;<\/a><\/p>\n","protected":false},"author":13,"featured_media":20878,"comment_status":"open","ping_status":"open","sticky":false,"template":"","format":"standard","meta":{"footnotes":""},"categories":[16,4],"tags":[221,108,53,408],"class_list":["post-20877","post","type-post","status-publish","format-standard","has-post-thumbnail","hentry","category-comunicamos","category-noticias","tag-loja","tag-lorena-tapia","tag-mae","tag-vida-silvestre","xfolkentry"],"_links":{"self":[{"href":"https:\/\/www.ambienteyenergia.gob.ec\/ambiente\/wp-json\/wp\/v2\/posts\/20877","targetHints":{"allow":["GET"]}}],"collection":[{"href":"https:\/\/www.ambienteyenergia.gob.ec\/ambiente\/wp-json\/wp\/v2\/posts"}],"about":[{"href":"https:\/\/www.ambienteyenergia.gob.ec\/ambiente\/wp-json\/wp\/v2\/types\/post"}],"author":[{"embeddable":true,"href":"https:\/\/www.ambienteyenergia.gob.ec\/ambiente\/wp-json\/wp\/v2\/users\/13"}],"replies":[{"embeddable":true,"href":"https:\/\/www.ambienteyenergia.gob.ec\/ambiente\/wp-json\/wp\/v2\/comments?post=20877"}],"version-history":[{"count":0,"href":"https:\/\/www.ambienteyenergia.gob.ec\/ambiente\/wp-json\/wp\/v2\/posts\/20877\/revisions"}],"wp:featuredmedia":[{"embeddable":true,"href":"https:\/\/www.ambienteyenergia.gob.ec\/ambiente\/wp-json\/wp\/v2\/media\/20878"}],"wp:attachment":[{"href":"https:\/\/www.ambienteyenergia.gob.ec\/ambiente\/wp-json\/wp\/v2\/media?parent=20877"}],"wp:term":[{"taxonomy":"category","embeddable":true,"href":"https:\/\/www.ambienteyenergia.gob.ec\/ambiente\/wp-json\/wp\/v2\/categories?post=20877"},{"taxonomy":"post_tag","embeddable":true,"href":"https:\/\/www.ambienteyenergia.gob.ec\/ambiente\/wp-json\/wp\/v2\/tags?post=20877"}],"curies":[{"name":"wp","href":"https:\/\/api.w.org\/{rel}","templated":true}]}}