{"id":20867,"date":"2014-06-13T17:02:34","date_gmt":"2014-06-13T22:02:34","guid":{"rendered":"http:\/\/www.ambiente.gob.ec\/?p=20867"},"modified":"2014-06-16T11:36:45","modified_gmt":"2014-06-16T16:36:45","slug":"mae-realiza-un-seguimiento-exhaustivo-a-las-acciones-de-contencion-y-limpieza-tras-el-derrame-de-crudo-en-esmeraldas","status":"publish","type":"post","link":"https:\/\/www.ambienteyenergia.gob.ec\/ambiente\/mae-realiza-un-seguimiento-exhaustivo-a-las-acciones-de-contencion-y-limpieza-tras-el-derrame-de-crudo-en-esmeraldas\/","title":{"rendered":"MAE realiza un seguimiento exhaustivo a las acciones de contenci\u00f3n y limpieza tras el derrame de crudo en Esmeraldas"},"content":{"rendered":"<p style=\"text-align: justify;\">Especialistas del Ministerio del Ambiente (MAE) y del Programa de Reparaci\u00f3n Ambiental y Social (PRAS) acudieron a Esmeraldas para recopilar la informaci\u00f3n, tras el derrame de crudo liviano ocurrido en la Motoboya Yankee del Sistema del Oleoducto Transecuatoriano (SOTE).<\/p>\n<p style=\"text-align: justify;\">Desde que se alert\u00f3 del derrame hasta ahora, las autoridades del MAE se han cerciorado de que Petroecuador, como operadora del SOTE, tome las acciones emergentes para contener el crudo liviano y evitar que la mancha se expanda.<\/p>\n<p style=\"text-align: justify;\">Esta semana los t\u00e9cnicos del PRAS se trasladaron al puerto artesanal pesquero de Esmeraldas para comprobar la denuncia de un grupo de pescadores artesanales, quienes manifestaron que 20 embarcaciones se mancharon con petr\u00f3leo mientras realizaban sus faenas pesqueras. El PRAS inform\u00f3 a los denunciantes de la existencia de un marco legal sobre compensaciones e indemnizaciones por da\u00f1os socioambientales que los ampara.<\/p>\n<p style=\"text-align: justify;\">Posteriormente, funcionarios del MAE, EP Petroecuador se dirigieron hacia la Motoboya Yankee, sitio del siniestro, para evidenciar las acciones establecidas por la empresa estatal petrolera en su Plan de Contingencia. Ah\u00ed constataron que se instalaron boyas de contenci\u00f3n que eran remolcadas por dos embarcaciones. Finalizada la inspecci\u00f3n previa, los t\u00e9cnicos del PRAS-MAE dedicaron la jornada del jueves para evaluar la magnitud del da\u00f1o.<\/p>\n","protected":false},"excerpt":{"rendered":"<p class=\"excerpt\">Especialistas del Ministerio del Ambiente (MAE) y del Programa de Reparaci\u00f3n Ambiental y Social (PRAS) acudieron a Esmeraldas para recopilar la informaci\u00f3n, tras el derrame de crudo liviano ocurrido en la Motoboya Yankee del Sistema del Oleoducto Transecuatoriano (SOTE). Desde que se alert\u00f3 del derrame hasta ahora, las autoridades del MAE se han cerciorado de que Petroecuador, como operadora del&hellip; <a href=\"https:\/\/www.ambienteyenergia.gob.ec\/ambiente\/mae-realiza-un-seguimiento-exhaustivo-a-las-acciones-de-contencion-y-limpieza-tras-el-derrame-de-crudo-en-esmeraldas\/\">Read more &rarr;<\/a><\/p>\n","protected":false},"author":13,"featured_media":20868,"comment_status":"open","ping_status":"open","sticky":false,"template":"","format":"standard","meta":{"footnotes":""},"categories":[16,4],"tags":[],"class_list":["post-20867","post","type-post","status-publish","format-standard","has-post-thumbnail","hentry","category-comunicamos","category-noticias","xfolkentry"],"_links":{"self":[{"href":"https:\/\/www.ambienteyenergia.gob.ec\/ambiente\/wp-json\/wp\/v2\/posts\/20867","targetHints":{"allow":["GET"]}}],"collection":[{"href":"https:\/\/www.ambienteyenergia.gob.ec\/ambiente\/wp-json\/wp\/v2\/posts"}],"about":[{"href":"https:\/\/www.ambienteyenergia.gob.ec\/ambiente\/wp-json\/wp\/v2\/types\/post"}],"author":[{"embeddable":true,"href":"https:\/\/www.ambienteyenergia.gob.ec\/ambiente\/wp-json\/wp\/v2\/users\/13"}],"replies":[{"embeddable":true,"href":"https:\/\/www.ambienteyenergia.gob.ec\/ambiente\/wp-json\/wp\/v2\/comments?post=20867"}],"version-history":[{"count":0,"href":"https:\/\/www.ambienteyenergia.gob.ec\/ambiente\/wp-json\/wp\/v2\/posts\/20867\/revisions"}],"wp:featuredmedia":[{"embeddable":true,"href":"https:\/\/www.ambienteyenergia.gob.ec\/ambiente\/wp-json\/wp\/v2\/media\/20868"}],"wp:attachment":[{"href":"https:\/\/www.ambienteyenergia.gob.ec\/ambiente\/wp-json\/wp\/v2\/media?parent=20867"}],"wp:term":[{"taxonomy":"category","embeddable":true,"href":"https:\/\/www.ambienteyenergia.gob.ec\/ambiente\/wp-json\/wp\/v2\/categories?post=20867"},{"taxonomy":"post_tag","embeddable":true,"href":"https:\/\/www.ambienteyenergia.gob.ec\/ambiente\/wp-json\/wp\/v2\/tags?post=20867"}],"curies":[{"name":"wp","href":"https:\/\/api.w.org\/{rel}","templated":true}]}}