{"id":20864,"date":"2014-06-13T16:56:59","date_gmt":"2014-06-13T21:56:59","guid":{"rendered":"http:\/\/www.ambiente.gob.ec\/?p=20864"},"modified":"2014-06-13T16:56:59","modified_gmt":"2014-06-13T21:56:59","slug":"mae-decomiso-una-zarigueya-en-barco-de-carga-en-galapagos","status":"publish","type":"post","link":"https:\/\/www.ambienteyenergia.gob.ec\/ambiente\/mae-decomiso-una-zarigueya-en-barco-de-carga-en-galapagos\/","title":{"rendered":"MAE decomis\u00f3 una zarig\u00fceya en barco de carga en Gal\u00e1pagos"},"content":{"rendered":"<p style=\"text-align: justify;\">El\u00a0mi\u00e9rcoles 11 de junio, el Ministerio del Ambiente, mediante los inspectores agropecuarios de la Agencia de Regulaci\u00f3n y Control de Bioseguridad y Cuarentena para Gal\u00e1pagos (ABG) en el marco de sus actividades de inspecci\u00f3n de mercanc\u00edas a bordo de barcos de carga que arriban a las islas, intercept\u00f3 un animal vivo que result\u00f3 ser una zarig\u00fceya. Este marsupial perteneciente a la especie Didelphis pernigra, fue encontrado entre sacos de papas que eran trasladados en una barcaza desde el barco Floreana hacia el muelle municipal de Santa Cruz.<\/p>\n<p style=\"text-align: justify;\">\nEl individuo fue mantenido en cuarentena en las oficinas de la ABG, donde se le tom\u00f3 muestras para an\u00e1lisis de laboratorio con el fin de determinar enfermedades que pudieran estar asociadas a esta especie, especialmente que puedan afectar la salud humana como la leptospirosis o mal de chagas.<\/p>\n<p style=\"text-align: justify;\">\nDando cumplimiento a lo dispuesto en el Art. 43 numeral 2 del Reglamento General de Aplicaci\u00f3n a la LOREG, el individuo ser\u00e1 entregado a la Direcci\u00f3n del Parque Nacional Gal\u00e1pagos, instituci\u00f3n que proceder\u00e1 de acuerdo lo establecido en la normativa legal ambiental.<\/p>\n<p style=\"text-align: justify;\">\nLa ABG fue creada con la misi\u00f3n de controlar, regular, impedir y disminuir el riesgo de introducci\u00f3n, movimiento y dispersi\u00f3n de organismos ex\u00f3ticos, por cualquier medio, que ponga en riesgo la salud humana, el sistema econ\u00f3mico, las actividades agropecuarias en la provincia de Gal\u00e1pagos.<\/p>\n","protected":false},"excerpt":{"rendered":"<p class=\"excerpt\">El\u00a0mi\u00e9rcoles 11 de junio, el Ministerio del Ambiente, mediante los inspectores agropecuarios de la Agencia de Regulaci\u00f3n y Control de Bioseguridad y Cuarentena para Gal\u00e1pagos (ABG) en el marco de sus actividades de inspecci\u00f3n de mercanc\u00edas a bordo de barcos de carga que arriban a las islas, intercept\u00f3 un animal vivo que result\u00f3 ser una zarig\u00fceya. Este marsupial perteneciente a&hellip; <a href=\"https:\/\/www.ambienteyenergia.gob.ec\/ambiente\/mae-decomiso-una-zarigueya-en-barco-de-carga-en-galapagos\/\">Read more &rarr;<\/a><\/p>\n","protected":false},"author":13,"featured_media":20865,"comment_status":"open","ping_status":"open","sticky":false,"template":"","format":"standard","meta":{"footnotes":""},"categories":[16,4],"tags":[],"class_list":["post-20864","post","type-post","status-publish","format-standard","has-post-thumbnail","hentry","category-comunicamos","category-noticias","xfolkentry"],"_links":{"self":[{"href":"https:\/\/www.ambienteyenergia.gob.ec\/ambiente\/wp-json\/wp\/v2\/posts\/20864","targetHints":{"allow":["GET"]}}],"collection":[{"href":"https:\/\/www.ambienteyenergia.gob.ec\/ambiente\/wp-json\/wp\/v2\/posts"}],"about":[{"href":"https:\/\/www.ambienteyenergia.gob.ec\/ambiente\/wp-json\/wp\/v2\/types\/post"}],"author":[{"embeddable":true,"href":"https:\/\/www.ambienteyenergia.gob.ec\/ambiente\/wp-json\/wp\/v2\/users\/13"}],"replies":[{"embeddable":true,"href":"https:\/\/www.ambienteyenergia.gob.ec\/ambiente\/wp-json\/wp\/v2\/comments?post=20864"}],"version-history":[{"count":0,"href":"https:\/\/www.ambienteyenergia.gob.ec\/ambiente\/wp-json\/wp\/v2\/posts\/20864\/revisions"}],"wp:featuredmedia":[{"embeddable":true,"href":"https:\/\/www.ambienteyenergia.gob.ec\/ambiente\/wp-json\/wp\/v2\/media\/20865"}],"wp:attachment":[{"href":"https:\/\/www.ambienteyenergia.gob.ec\/ambiente\/wp-json\/wp\/v2\/media?parent=20864"}],"wp:term":[{"taxonomy":"category","embeddable":true,"href":"https:\/\/www.ambienteyenergia.gob.ec\/ambiente\/wp-json\/wp\/v2\/categories?post=20864"},{"taxonomy":"post_tag","embeddable":true,"href":"https:\/\/www.ambienteyenergia.gob.ec\/ambiente\/wp-json\/wp\/v2\/tags?post=20864"}],"curies":[{"name":"wp","href":"https:\/\/api.w.org\/{rel}","templated":true}]}}