{"id":20851,"date":"2014-06-13T13:10:56","date_gmt":"2014-06-13T18:10:56","guid":{"rendered":"http:\/\/www.ambiente.gob.ec\/?p=20851"},"modified":"2014-06-13T13:10:56","modified_gmt":"2014-06-13T18:10:56","slug":"mae-realizo-conferencia-sobre-temas-ambientales-en-chimborazo","status":"publish","type":"post","link":"https:\/\/www.ambienteyenergia.gob.ec\/ambiente\/mae-realizo-conferencia-sobre-temas-ambientales-en-chimborazo\/","title":{"rendered":"MAE realiz\u00f3 conferencia sobre temas ambientales en Chimborazo"},"content":{"rendered":"<p style=\"text-align: justify;\">Con la presencia de alrededor de 150 personas entre estudiantes, profesores y autoridades de la Facultad de Ingenier\u00eda Pecuaria, el Ministerio del Ambiente del Ecuador (MAE), a trav\u00e9s de la Direcci\u00f3n Provincial del Ambiente de Chimborazo, prepar\u00f3 una conferencia sobre la Ley Forestal y de Conservaci\u00f3n de \u00c1reas Naturales y Vida Silvestre, en la Escuela Polit\u00e9cnica de Chimborazo (ESPOCH)<\/p>\n<p style=\"text-align: justify;\">\nTeatro y m\u00fasica referentes al cuidado de los recursos naturales, fue la antesala para iniciar la conferencia, dirigida por los funcionarios de esta Secretar\u00eda de Estado, quienes explicaron las facultades, atribuciones, funciones y acciones que el MAE lleva a cabo en la provincia para precautelar la calidad del ambiente en el Ecuador y su patrimonio natural.<\/p>\n<p style=\"text-align: justify;\">\nEn el evento particip\u00f3 la Unidad de Protecci\u00f3n del Medio Ambiente (UPMA) de la Polic\u00eda Nacional, quienes explicaron la actividad de control forestal y de vida silvestre que realizan, en conjunto con esta Cartera de Estado, para evitar el tr\u00e1fico, tenencia ilegal y comercializaci\u00f3n de estos espec\u00edmenes. Adem\u00e1s se expuso los procedimientos que sigue el MAE ante una contravenci\u00f3n cometida con la finalidad de educar a la ciudadan\u00eda.<\/p>\n<p style=\"text-align: justify;\">\nAl finalizar la charla, autoridades de la Facultad de Ingenier\u00eda Pecuaria agradecieron la intervenci\u00f3n de la autoridad ambiental y declararon importante la presencia reguladora en la provincia.<\/p>\n<p style=\"text-align: justify;\">\nEl compromiso del MAE es continuar interviniendo en los diferentes espacios sociales con charlas y varios mecanismos de educaci\u00f3n dirigidos a la ciudadan\u00eda en general, para orientar y concienciar el buen uso y manejo de la biodiversidad existentes en nuestro pa\u00eds, como se estipula en la Ley Forestal vigente.<\/p>\n","protected":false},"excerpt":{"rendered":"<p class=\"excerpt\">Con la presencia de alrededor de 150 personas entre estudiantes, profesores y autoridades de la Facultad de Ingenier\u00eda Pecuaria, el Ministerio del Ambiente del Ecuador (MAE), a trav\u00e9s de la Direcci\u00f3n Provincial del Ambiente de Chimborazo, prepar\u00f3 una conferencia sobre la Ley Forestal y de Conservaci\u00f3n de \u00c1reas Naturales y Vida Silvestre, en la Escuela Polit\u00e9cnica de Chimborazo (ESPOCH) Teatro&hellip; <a href=\"https:\/\/www.ambienteyenergia.gob.ec\/ambiente\/mae-realizo-conferencia-sobre-temas-ambientales-en-chimborazo\/\">Read more &rarr;<\/a><\/p>\n","protected":false},"author":13,"featured_media":20852,"comment_status":"open","ping_status":"open","sticky":false,"template":"","format":"standard","meta":{"footnotes":""},"categories":[16,4],"tags":[],"class_list":["post-20851","post","type-post","status-publish","format-standard","has-post-thumbnail","hentry","category-comunicamos","category-noticias","xfolkentry"],"_links":{"self":[{"href":"https:\/\/www.ambienteyenergia.gob.ec\/ambiente\/wp-json\/wp\/v2\/posts\/20851","targetHints":{"allow":["GET"]}}],"collection":[{"href":"https:\/\/www.ambienteyenergia.gob.ec\/ambiente\/wp-json\/wp\/v2\/posts"}],"about":[{"href":"https:\/\/www.ambienteyenergia.gob.ec\/ambiente\/wp-json\/wp\/v2\/types\/post"}],"author":[{"embeddable":true,"href":"https:\/\/www.ambienteyenergia.gob.ec\/ambiente\/wp-json\/wp\/v2\/users\/13"}],"replies":[{"embeddable":true,"href":"https:\/\/www.ambienteyenergia.gob.ec\/ambiente\/wp-json\/wp\/v2\/comments?post=20851"}],"version-history":[{"count":0,"href":"https:\/\/www.ambienteyenergia.gob.ec\/ambiente\/wp-json\/wp\/v2\/posts\/20851\/revisions"}],"wp:featuredmedia":[{"embeddable":true,"href":"https:\/\/www.ambienteyenergia.gob.ec\/ambiente\/wp-json\/wp\/v2\/media\/20852"}],"wp:attachment":[{"href":"https:\/\/www.ambienteyenergia.gob.ec\/ambiente\/wp-json\/wp\/v2\/media?parent=20851"}],"wp:term":[{"taxonomy":"category","embeddable":true,"href":"https:\/\/www.ambienteyenergia.gob.ec\/ambiente\/wp-json\/wp\/v2\/categories?post=20851"},{"taxonomy":"post_tag","embeddable":true,"href":"https:\/\/www.ambienteyenergia.gob.ec\/ambiente\/wp-json\/wp\/v2\/tags?post=20851"}],"curies":[{"name":"wp","href":"https:\/\/api.w.org\/{rel}","templated":true}]}}