{"id":20840,"date":"2014-06-13T10:59:27","date_gmt":"2014-06-13T15:59:27","guid":{"rendered":"http:\/\/www.ambiente.gob.ec\/?p=20840"},"modified":"2014-06-13T18:52:56","modified_gmt":"2014-06-13T23:52:56","slug":"bosque-seco-ecuatoriano-es-parte-de-la-red-mundial-de-reservas-de-biosfera-de-la-unesco","status":"publish","type":"post","link":"https:\/\/www.ambienteyenergia.gob.ec\/ambiente\/bosque-seco-ecuatoriano-es-parte-de-la-red-mundial-de-reservas-de-biosfera-de-la-unesco\/","title":{"rendered":"Bosque Seco ecuatoriano es parte de la Red Mundial de Reservas de Biosfera de la UNESCO"},"content":{"rendered":"<p style=\"text-align: justify;\">El Bosque Seco, ubicado al suroeste del Ecuador, fue inscrito ayer en la Red Mundial de Reservas de Biosfera de la Organizaci\u00f3n de las Naciones Unidas para la Educaci\u00f3n, la Ciencia y la Cultura (UNESCO). Este espacio cubierto de matorrales y bosques xer\u00f3filos abarca una superficie de m\u00e1s de 500 mil hect\u00e1reas y es uno de los sitios naturales mejor conservados de todo el pa\u00eds, por ello, se integr\u00f3 a la lista.<\/p>\n<p style=\"text-align: justify;\">La agencia de la ONU, en un comunicado, asegur\u00f3 que el Bosque Seco ecuatoriano posee una de las poblaciones de aves end\u00e9micas m\u00e1s grandes de Sudam\u00e9rica. En el \u00e1rea se registran 51 aves de rango restringido, 15 tipos de \u00e1rboles y arbustos, y tres de mam\u00edferos, adem\u00e1s de otras especies emblem\u00e1ticas como el cocodrilo de tumbes (<i>Cocodrylus acutus<\/i>), y\u00a0 el\u00a0 mono aullador de la costa (<i>Alouatta palliata<\/i>).<\/p>\n<p style=\"text-align: justify;\">En los Bosques Secos de la reserva de biosfera tambi\u00e9n se manifiesta un evento natural magn\u00edfico que ha captado la atenci\u00f3n del planeta en los \u00faltimos a\u00f1os, el florecimiento masivo del guayac\u00e1n (Tababuia chrysantha), suceso que ocurre los primeros meses de cada a\u00f1o, luego de las primeras lluvias.<\/p>\n<p style=\"text-align: justify;\">En Ecuador, encontramos bosques secos en el suroeste de las provincias de \u00a0Loja, Santa Elena, Guayas, Manab\u00ed y El Oro; donde se promueve entre las comunidades el uso sostenible de estos recursos, priorizando la conservaci\u00f3n de su gran biodiversidad.<\/p>\n<p style=\"text-align: justify;\">El \u00e1rea que se suma a la Reserva de Biosfera del Bosque Seco coincide con los l\u00edmites pol\u00edtico administrativos de ocho cantones de las provincias de Loja y El Oro (Zapotillo, Pindal, Macar\u00e1, Puyango, Celica, Sozoranga, Paltas y Las Lajas), donde habitan 106 000 personas.<\/p>\n<p style=\"text-align: justify;\">El reconocimiento como reserva de biosfera demuestra el esfuerzo del Gobierno y del Ministerio del Ambiente por conservar estos espacios naturales, que a pesar de ser ecosistemas amenazados a nivel mundial, en el pa\u00eds son protegidos y cuidados. Asimismo, esta declaratoria permitir\u00e1 fortalecer las experiencias de educaci\u00f3n e investigaci\u00f3n.<\/p>\n<p style=\"text-align: justify;\">En Sudam\u00e9rica, la reserva Vald\u00e9s de Argentina y la de Bioma Pampa-quebradas del Norte de Uruguay tambi\u00e9n se sumaron a la importante lista de trece nuevos sitios catalogados como reservas de biosfera.<\/p>\n<p style=\"text-align: justify;\"><strong>Objetivos de la Reserva de la Biosfera<\/strong><\/p>\n<p style=\"text-align: justify;\">a) Mantener el estado y la funcionalidad de la biodiversidad de los bosques secos y de sus servicios ambientales en el territorio de la reserva de biosfera.<\/p>\n<p style=\"text-align: justify;\">b) Promover el desarrollo sostenible de las poblaciones humanas de los ocho cantones que constituyen la reserva de biosfera, considerando pr\u00e1cticas responsables con el ambiente y el respeto al patrimonio cultural local.<\/p>\n<p style=\"text-align: justify;\">c) Impulsar las iniciativas de investigaci\u00f3n, educaci\u00f3n, observaci\u00f3n permanente, participaci\u00f3n social, demostraci\u00f3n e intercambio desarrolladas en el territorio de la reserva de biosfera.<\/p>\n<p>&nbsp;<\/p>\n","protected":false},"excerpt":{"rendered":"<p class=\"excerpt\">El Bosque Seco, ubicado al suroeste del Ecuador, fue inscrito ayer en la Red Mundial de Reservas de Biosfera de la Organizaci\u00f3n de las Naciones Unidas para la Educaci\u00f3n, la Ciencia y la Cultura (UNESCO). Este espacio cubierto de matorrales y bosques xer\u00f3filos abarca una superficie de m\u00e1s de 500 mil hect\u00e1reas y es uno de los sitios naturales mejor&hellip; <a href=\"https:\/\/www.ambienteyenergia.gob.ec\/ambiente\/bosque-seco-ecuatoriano-es-parte-de-la-red-mundial-de-reservas-de-biosfera-de-la-unesco\/\">Read more &rarr;<\/a><\/p>\n","protected":false},"author":13,"featured_media":20841,"comment_status":"open","ping_status":"open","sticky":false,"template":"","format":"standard","meta":{"footnotes":""},"categories":[16,4],"tags":[],"class_list":["post-20840","post","type-post","status-publish","format-standard","has-post-thumbnail","hentry","category-comunicamos","category-noticias","xfolkentry"],"_links":{"self":[{"href":"https:\/\/www.ambienteyenergia.gob.ec\/ambiente\/wp-json\/wp\/v2\/posts\/20840","targetHints":{"allow":["GET"]}}],"collection":[{"href":"https:\/\/www.ambienteyenergia.gob.ec\/ambiente\/wp-json\/wp\/v2\/posts"}],"about":[{"href":"https:\/\/www.ambienteyenergia.gob.ec\/ambiente\/wp-json\/wp\/v2\/types\/post"}],"author":[{"embeddable":true,"href":"https:\/\/www.ambienteyenergia.gob.ec\/ambiente\/wp-json\/wp\/v2\/users\/13"}],"replies":[{"embeddable":true,"href":"https:\/\/www.ambienteyenergia.gob.ec\/ambiente\/wp-json\/wp\/v2\/comments?post=20840"}],"version-history":[{"count":0,"href":"https:\/\/www.ambienteyenergia.gob.ec\/ambiente\/wp-json\/wp\/v2\/posts\/20840\/revisions"}],"wp:featuredmedia":[{"embeddable":true,"href":"https:\/\/www.ambienteyenergia.gob.ec\/ambiente\/wp-json\/wp\/v2\/media\/20841"}],"wp:attachment":[{"href":"https:\/\/www.ambienteyenergia.gob.ec\/ambiente\/wp-json\/wp\/v2\/media?parent=20840"}],"wp:term":[{"taxonomy":"category","embeddable":true,"href":"https:\/\/www.ambienteyenergia.gob.ec\/ambiente\/wp-json\/wp\/v2\/categories?post=20840"},{"taxonomy":"post_tag","embeddable":true,"href":"https:\/\/www.ambienteyenergia.gob.ec\/ambiente\/wp-json\/wp\/v2\/tags?post=20840"}],"curies":[{"name":"wp","href":"https:\/\/api.w.org\/{rel}","templated":true}]}}