{"id":20832,"date":"2014-06-12T16:10:50","date_gmt":"2014-06-12T21:10:50","guid":{"rendered":"http:\/\/www.ambiente.gob.ec\/?p=20832"},"modified":"2014-06-12T16:46:06","modified_gmt":"2014-06-12T21:46:06","slug":"mae-retira-6-000-kilogramos-de-desechos-solidos-en-archipielago-de-jambel","status":"publish","type":"post","link":"https:\/\/www.ambienteyenergia.gob.ec\/ambiente\/mae-retira-6-000-kilogramos-de-desechos-solidos-en-archipielago-de-jambel\/","title":{"rendered":"MAE retira 6 000 kilogramos de desechos s\u00f3lidos en Archipi\u00e9lago de Jambel\u00ed"},"content":{"rendered":"<style type=\"text\/css\"><!--\nP { margin-bottom: 0.21cm; }\n--><\/style>\n<p style=\"text-align: justify;\" align=\"JUSTIFY\">El Ministerio del Ambiente, a trav\u00e9s de la Direcci\u00f3n de Gesti\u00f3n y Coordinaci\u00f3n Marina Costera realiz\u00f3 una minga de limpieza de manglares en el Archipi\u00e9lago de Jambel\u00ed, en la provincia de El Oro, con la finalidad de mejorar la calidad de vida de las especies que se encuentra en este ecosistema.<\/p>\n<p style=\"text-align: justify;\" align=\"JUSTIFY\">Durante esta jornada de trabajo se recolect\u00f3 un total de 6 000 kg. de desechos s\u00f3lidos en las 5 624,62 hect\u00e1reas de concesi\u00f3n, mediante el Acuerdo de Uso Sustentable y Custodia de Manglar a catorce asociaciones de pesca, desarrollo comunitario, recolectores de mariscos y productores de pesca artesanal.<\/p>\n<p style=\"text-align: justify;\" align=\"JUSTIFY\">Adem\u00e1s, se cont\u00f3 con el apoyo del Ministerio de Defensa Nacional (MIDENA), los Municipios de Huaquillas, Santa Rosa, Machala y El Guabo. Tambi\u00e9n participaron los j\u00f3venes del Servicio Civil Ciudadano y funcionario de esta Cartera del Estado.<\/p>\n<p style=\"text-align: justify;\" align=\"JUSTIFY\">Pl\u00e1sticos, vidrios, metales y desechos org\u00e1nicos fueron recogidos en los muelles de Hualtaco, Puerto Jambel\u00ed, de Cabotaje y la playa Bajo Alto; descarg\u00e1ndolos en los rellenos sanitarios, mientras que los pl\u00e1sticos servir\u00e1n para su reutilizaci\u00f3n o posterior venta.<\/p>\n<p style=\"text-align: justify;\" align=\"JUSTIFY\">Al terminar esta jornada de limpieza se socializ\u00f3 a ni\u00f1os de las unidades educativas Augusto Rodas Maldonado y la Escuela de Educaci\u00f3n B\u00e1sica Isla Pongalillo, en las Las Huacas y Islas Pongalillo con la finalidad de concienciar a los asistentes sobre la importancia de cuidar este ecosistema y el manejo correcto de los desechos s\u00f3lidos para su reutilizaci\u00f3n ecol\u00f3gica.<\/p>\n<p style=\"text-align: justify;\" align=\"JUSTIFY\">Se prev\u00e9 replicar esta actividad en los posteriores meses en las provincias del Guayas y Esmeraldas.<\/p>\n","protected":false},"excerpt":{"rendered":"<p class=\"excerpt\">El Ministerio del Ambiente, a trav\u00e9s de la Direcci\u00f3n de Gesti\u00f3n y Coordinaci\u00f3n Marina Costera realiz\u00f3 una minga de limpieza de manglares en el Archipi\u00e9lago de Jambel\u00ed, en la provincia de El Oro, con la finalidad de mejorar la calidad de vida de las especies que se encuentra en este ecosistema. Durante esta jornada de trabajo se recolect\u00f3 un total&hellip; <a href=\"https:\/\/www.ambienteyenergia.gob.ec\/ambiente\/mae-retira-6-000-kilogramos-de-desechos-solidos-en-archipielago-de-jambel\/\">Read more &rarr;<\/a><\/p>\n","protected":false},"author":13,"featured_media":20833,"comment_status":"open","ping_status":"open","sticky":false,"template":"","format":"standard","meta":{"footnotes":""},"categories":[16,4],"tags":[],"class_list":["post-20832","post","type-post","status-publish","format-standard","has-post-thumbnail","hentry","category-comunicamos","category-noticias","xfolkentry"],"_links":{"self":[{"href":"https:\/\/www.ambienteyenergia.gob.ec\/ambiente\/wp-json\/wp\/v2\/posts\/20832","targetHints":{"allow":["GET"]}}],"collection":[{"href":"https:\/\/www.ambienteyenergia.gob.ec\/ambiente\/wp-json\/wp\/v2\/posts"}],"about":[{"href":"https:\/\/www.ambienteyenergia.gob.ec\/ambiente\/wp-json\/wp\/v2\/types\/post"}],"author":[{"embeddable":true,"href":"https:\/\/www.ambienteyenergia.gob.ec\/ambiente\/wp-json\/wp\/v2\/users\/13"}],"replies":[{"embeddable":true,"href":"https:\/\/www.ambienteyenergia.gob.ec\/ambiente\/wp-json\/wp\/v2\/comments?post=20832"}],"version-history":[{"count":0,"href":"https:\/\/www.ambienteyenergia.gob.ec\/ambiente\/wp-json\/wp\/v2\/posts\/20832\/revisions"}],"wp:featuredmedia":[{"embeddable":true,"href":"https:\/\/www.ambienteyenergia.gob.ec\/ambiente\/wp-json\/wp\/v2\/media\/20833"}],"wp:attachment":[{"href":"https:\/\/www.ambienteyenergia.gob.ec\/ambiente\/wp-json\/wp\/v2\/media?parent=20832"}],"wp:term":[{"taxonomy":"category","embeddable":true,"href":"https:\/\/www.ambienteyenergia.gob.ec\/ambiente\/wp-json\/wp\/v2\/categories?post=20832"},{"taxonomy":"post_tag","embeddable":true,"href":"https:\/\/www.ambienteyenergia.gob.ec\/ambiente\/wp-json\/wp\/v2\/tags?post=20832"}],"curies":[{"name":"wp","href":"https:\/\/api.w.org\/{rel}","templated":true}]}}