{"id":20828,"date":"2014-06-12T15:41:38","date_gmt":"2014-06-12T20:41:38","guid":{"rendered":"http:\/\/www.ambiente.gob.ec\/?p=20828"},"modified":"2014-06-12T15:41:38","modified_gmt":"2014-06-12T20:41:38","slug":"concluye-primera-promocion-de-servicio-civil-ciudadano-ambiental-en-loja","status":"publish","type":"post","link":"https:\/\/www.ambienteyenergia.gob.ec\/ambiente\/concluye-primera-promocion-de-servicio-civil-ciudadano-ambiental-en-loja\/","title":{"rendered":"Concluye primera promoci\u00f3n de Servicio Civil Ciudadano Ambiental en Loja"},"content":{"rendered":"<p style=\"text-align: justify;\">El proyecto Servicio Civil Ciudadano, es un proyecto emblem\u00e1tico del gobierno nacional, considerada como una iniciativa incluyente, orientada a j\u00f3venes entre 18 a 26 a\u00f1os. El objetivo es establecer pr\u00e1cticas de participaci\u00f3n ciudadana para contribuir a lograr una buena convivencia que comprometa a la juventud para hacer un mejor pa\u00eds. Servicio Civil Ciudadano es una oportunidad de desarrollo y crecimiento para los j\u00f3venes, basado en t\u00e9cnicas \u201caprender-haciendo\u201d.<\/p>\n<p style=\"text-align: justify;\">El Proyecto Servicio Civil Ciudadano Ambiental\u00a0 en Loja, inici\u00f3 el 30 de septiembre de 2013 y culmino el 30 de mayo de 2014, con un grupo de 29 j\u00f3venes con gran aceptaci\u00f3n de la ciudadan\u00eda y gratitud de las instituciones a quienes apoyaron con actividades de educaci\u00f3n ambiental, reforestaci\u00f3n, limpieza de r\u00edos (gesti\u00f3n de desechos s\u00f3lidos), reciclaje, apoyo a conservaci\u00f3n de \u00e1reas protegidas, ayuda en Centros de Ayuda Social y Grupos Vulnerables.<\/p>\n<p style=\"text-align: justify;\">Finalmente el Ing. Carlos Espinosa, Coordinador Zonal 7 realizo un acto de reconocimiento a este grupo de j\u00f3venes y expreso el agradecimiento por la entrega en las actividades asignadas y que nos queda el aprendizaje mutuo de la experiencia compartida y que su apoyo contribuir\u00e1 a la conservaci\u00f3n de nuestros recursos naturales en beneficio de todos.<\/p>\n","protected":false},"excerpt":{"rendered":"<p class=\"excerpt\">El proyecto Servicio Civil Ciudadano, es un proyecto emblem\u00e1tico del gobierno nacional, considerada como una iniciativa incluyente, orientada a j\u00f3venes entre 18 a 26 a\u00f1os. El objetivo es establecer pr\u00e1cticas de participaci\u00f3n ciudadana para contribuir a lograr una buena convivencia que comprometa a la juventud para hacer un mejor pa\u00eds. Servicio Civil Ciudadano es una oportunidad de desarrollo y crecimiento&hellip; <a href=\"https:\/\/www.ambienteyenergia.gob.ec\/ambiente\/concluye-primera-promocion-de-servicio-civil-ciudadano-ambiental-en-loja\/\">Read more &rarr;<\/a><\/p>\n","protected":false},"author":13,"featured_media":20829,"comment_status":"open","ping_status":"open","sticky":false,"template":"","format":"standard","meta":{"footnotes":""},"categories":[16,4],"tags":[],"class_list":["post-20828","post","type-post","status-publish","format-standard","has-post-thumbnail","hentry","category-comunicamos","category-noticias","xfolkentry"],"_links":{"self":[{"href":"https:\/\/www.ambienteyenergia.gob.ec\/ambiente\/wp-json\/wp\/v2\/posts\/20828","targetHints":{"allow":["GET"]}}],"collection":[{"href":"https:\/\/www.ambienteyenergia.gob.ec\/ambiente\/wp-json\/wp\/v2\/posts"}],"about":[{"href":"https:\/\/www.ambienteyenergia.gob.ec\/ambiente\/wp-json\/wp\/v2\/types\/post"}],"author":[{"embeddable":true,"href":"https:\/\/www.ambienteyenergia.gob.ec\/ambiente\/wp-json\/wp\/v2\/users\/13"}],"replies":[{"embeddable":true,"href":"https:\/\/www.ambienteyenergia.gob.ec\/ambiente\/wp-json\/wp\/v2\/comments?post=20828"}],"version-history":[{"count":0,"href":"https:\/\/www.ambienteyenergia.gob.ec\/ambiente\/wp-json\/wp\/v2\/posts\/20828\/revisions"}],"wp:featuredmedia":[{"embeddable":true,"href":"https:\/\/www.ambienteyenergia.gob.ec\/ambiente\/wp-json\/wp\/v2\/media\/20829"}],"wp:attachment":[{"href":"https:\/\/www.ambienteyenergia.gob.ec\/ambiente\/wp-json\/wp\/v2\/media?parent=20828"}],"wp:term":[{"taxonomy":"category","embeddable":true,"href":"https:\/\/www.ambienteyenergia.gob.ec\/ambiente\/wp-json\/wp\/v2\/categories?post=20828"},{"taxonomy":"post_tag","embeddable":true,"href":"https:\/\/www.ambienteyenergia.gob.ec\/ambiente\/wp-json\/wp\/v2\/tags?post=20828"}],"curies":[{"name":"wp","href":"https:\/\/api.w.org\/{rel}","templated":true}]}}