{"id":20822,"date":"2014-06-12T09:23:24","date_gmt":"2014-06-12T14:23:24","guid":{"rendered":"http:\/\/www.ambiente.gob.ec\/?p=20822"},"modified":"2014-06-12T09:23:24","modified_gmt":"2014-06-12T14:23:24","slug":"mae-decomisa-elemento-constitutivos-de-vida-silvestre-en-bolivar","status":"publish","type":"post","link":"https:\/\/www.ambienteyenergia.gob.ec\/ambiente\/mae-decomisa-elemento-constitutivos-de-vida-silvestre-en-bolivar\/","title":{"rendered":"MAE decomisa elemento constitutivos de vida silvestre en Bol\u00edvar"},"content":{"rendered":"<p style=\"text-align: justify;\">El Ministerio del Ambiente (MAE), a trav\u00e9s de la Direcci\u00f3n Provincial del Ambiente Bol\u00edvar, realiz\u00f3 un operativo de vida silvestre en el Cant\u00f3n Guaranda; \u00e9ste operativo se efect\u00fao en coordinaci\u00f3n con la Unidad de Protecci\u00f3n del Medio Ambiente (UPMA) de la Polic\u00eda Nacional.<\/p>\n<p style=\"text-align: justify;\">El objetivo de estas actividades de control es reducir la comercializaci\u00f3n y tenencia de espec\u00edmenes de Vida Silvestre a trav\u00e9s de los operativos de control y denuncias para de esta forma preservar las especies que aun existen.<\/p>\n<p style=\"text-align: justify;\">Durante el operativo se logr\u00f3 decomisar tres elementos constitutivos de vida silvestre: un caparaz\u00f3n de tortuga marina, un esqueleto de caballito de mar y una cabeza\u00a0 de venado.<\/p>\n<p style=\"text-align: justify;\">La cabeza de venado se encontraba en las oficinas del Gobierno Aut\u00f3nomo Descentralizado de la Parroquia Salinas.<\/p>\n<p style=\"text-align: justify;\">El caparaz\u00f3n de tortuga y el caballito de mar se encontraba en un restaurante del centro de la ciudad de Guaranda.<\/p>\n<p style=\"text-align: justify;\">Los espec\u00edmenes se encontraban en exhibici\u00f3n al p\u00fablico, lo cual est\u00e1 prohibido seg\u00fan la Ley Forestal de Protecci\u00f3n de \u00c1reas Protegidas y Vida Silvestre en su art\u00edculo 78.<\/p>\n<p style=\"text-align: justify;\">La Direcci\u00f3n Provincial del Ambiente Bol\u00edvar continuar\u00e1 con el control de Vida Silvestre para evitar el tr\u00e1fico y la tenencia ilegal de vida silvestre, y elementos constitutivos.<\/p>\n<p style=\"text-align: justify;\">\n","protected":false},"excerpt":{"rendered":"<p class=\"excerpt\">El Ministerio del Ambiente (MAE), a trav\u00e9s de la Direcci\u00f3n Provincial del Ambiente Bol\u00edvar, realiz\u00f3 un operativo de vida silvestre en el Cant\u00f3n Guaranda; \u00e9ste operativo se efect\u00fao en coordinaci\u00f3n con la Unidad de Protecci\u00f3n del Medio Ambiente (UPMA) de la Polic\u00eda Nacional. El objetivo de estas actividades de control es reducir la comercializaci\u00f3n y tenencia de espec\u00edmenes de Vida&hellip; <a href=\"https:\/\/www.ambienteyenergia.gob.ec\/ambiente\/mae-decomisa-elemento-constitutivos-de-vida-silvestre-en-bolivar\/\">Read more &rarr;<\/a><\/p>\n","protected":false},"author":13,"featured_media":20823,"comment_status":"open","ping_status":"open","sticky":false,"template":"","format":"standard","meta":{"footnotes":""},"categories":[16,4],"tags":[],"class_list":["post-20822","post","type-post","status-publish","format-standard","has-post-thumbnail","hentry","category-comunicamos","category-noticias","xfolkentry"],"_links":{"self":[{"href":"https:\/\/www.ambienteyenergia.gob.ec\/ambiente\/wp-json\/wp\/v2\/posts\/20822","targetHints":{"allow":["GET"]}}],"collection":[{"href":"https:\/\/www.ambienteyenergia.gob.ec\/ambiente\/wp-json\/wp\/v2\/posts"}],"about":[{"href":"https:\/\/www.ambienteyenergia.gob.ec\/ambiente\/wp-json\/wp\/v2\/types\/post"}],"author":[{"embeddable":true,"href":"https:\/\/www.ambienteyenergia.gob.ec\/ambiente\/wp-json\/wp\/v2\/users\/13"}],"replies":[{"embeddable":true,"href":"https:\/\/www.ambienteyenergia.gob.ec\/ambiente\/wp-json\/wp\/v2\/comments?post=20822"}],"version-history":[{"count":0,"href":"https:\/\/www.ambienteyenergia.gob.ec\/ambiente\/wp-json\/wp\/v2\/posts\/20822\/revisions"}],"wp:featuredmedia":[{"embeddable":true,"href":"https:\/\/www.ambienteyenergia.gob.ec\/ambiente\/wp-json\/wp\/v2\/media\/20823"}],"wp:attachment":[{"href":"https:\/\/www.ambienteyenergia.gob.ec\/ambiente\/wp-json\/wp\/v2\/media?parent=20822"}],"wp:term":[{"taxonomy":"category","embeddable":true,"href":"https:\/\/www.ambienteyenergia.gob.ec\/ambiente\/wp-json\/wp\/v2\/categories?post=20822"},{"taxonomy":"post_tag","embeddable":true,"href":"https:\/\/www.ambienteyenergia.gob.ec\/ambiente\/wp-json\/wp\/v2\/tags?post=20822"}],"curies":[{"name":"wp","href":"https:\/\/api.w.org\/{rel}","templated":true}]}}