{"id":20817,"date":"2014-06-12T08:55:52","date_gmt":"2014-06-12T13:55:52","guid":{"rendered":"http:\/\/www.ambiente.gob.ec\/?p=20817"},"modified":"2014-06-12T08:55:52","modified_gmt":"2014-06-12T13:55:52","slug":"mae-rescata-dos-especimenes-de-vida-silvestre-en-el-oro","status":"publish","type":"post","link":"https:\/\/www.ambienteyenergia.gob.ec\/ambiente\/mae-rescata-dos-especimenes-de-vida-silvestre-en-el-oro\/","title":{"rendered":"MAE rescata dos espec\u00edmenes de vida silvestre en El Oro"},"content":{"rendered":"<p style=\"text-align: justify;\">El Ministerio del Ambiente (MAE) despliega en la Provincia de El Oro, m\u00faltiples eventos de educaci\u00f3n ambiental, trabajo comunitario y actividades de vinculaci\u00f3n social con la finalidad de educar a la poblaci\u00f3n en la responsabilidad del cuidado de nuestro planeta.<\/p>\n<p style=\"text-align: justify;\">La Direcci\u00f3n Provincial del Ambiente de El Oro, a trav\u00e9s de su Unidad de Vida Silvestre y con la ayuda de la ciudadan\u00eda del cant\u00f3n Machala, logr\u00f3 rescatar a un Oso perezoso de tres u\u00f1as <i>(Bradypus varegatus)<\/i><b> <\/b>y una Tortuga motelo <i>(Geochelone denticulata).<\/i><b> <\/b>\u00c9stos espec\u00edmenes de vida silvestre fueron entregados de forma voluntaria en la parroquia Machala, cant\u00f3n Machala.<\/p>\n<p style=\"text-align: justify;\">Luego de la revisi\u00f3n veterinaria, se verific\u00f3 que la condici\u00f3n de los animales silvestres era favorable, por lo que se procedi\u00f3 a entregar la Tortuga motelo al Zool\u00f3gico Amazonas y el Oso perezoso se lo liber\u00f3 en la Reserva Ecol\u00f3gica Arenillas, cant\u00f3n Arenillas.<\/p>\n<p style=\"text-align: justify;\">El MAE, como principal autoridad ambiental del pa\u00eds, solicita a la poblaci\u00f3n que tenga animales de vida silvestre en cautiverio, los entregue de manera voluntaria o si conoce de alg\u00fan caso de tenencia ilegal de especies realice su denuncia en la Direcci\u00f3n Provincial del Ambiente de El Oro ubicado en las calles, Vela entre 25 de Junio y Sucre (Ex-Edificio de Predesur) 5to piso o al tel\u00e9fono 2934596, extensi\u00f3n 15.<\/p>\n<p style=\"text-align: justify;\">\n","protected":false},"excerpt":{"rendered":"<p class=\"excerpt\">El Ministerio del Ambiente (MAE) despliega en la Provincia de El Oro, m\u00faltiples eventos de educaci\u00f3n ambiental, trabajo comunitario y actividades de vinculaci\u00f3n social con la finalidad de educar a la poblaci\u00f3n en la responsabilidad del cuidado de nuestro planeta. La Direcci\u00f3n Provincial del Ambiente de El Oro, a trav\u00e9s de su Unidad de Vida Silvestre y con la ayuda&hellip; <a href=\"https:\/\/www.ambienteyenergia.gob.ec\/ambiente\/mae-rescata-dos-especimenes-de-vida-silvestre-en-el-oro\/\">Read more &rarr;<\/a><\/p>\n","protected":false},"author":13,"featured_media":20818,"comment_status":"open","ping_status":"open","sticky":false,"template":"","format":"standard","meta":{"footnotes":""},"categories":[16,4],"tags":[],"class_list":["post-20817","post","type-post","status-publish","format-standard","has-post-thumbnail","hentry","category-comunicamos","category-noticias","xfolkentry"],"_links":{"self":[{"href":"https:\/\/www.ambienteyenergia.gob.ec\/ambiente\/wp-json\/wp\/v2\/posts\/20817","targetHints":{"allow":["GET"]}}],"collection":[{"href":"https:\/\/www.ambienteyenergia.gob.ec\/ambiente\/wp-json\/wp\/v2\/posts"}],"about":[{"href":"https:\/\/www.ambienteyenergia.gob.ec\/ambiente\/wp-json\/wp\/v2\/types\/post"}],"author":[{"embeddable":true,"href":"https:\/\/www.ambienteyenergia.gob.ec\/ambiente\/wp-json\/wp\/v2\/users\/13"}],"replies":[{"embeddable":true,"href":"https:\/\/www.ambienteyenergia.gob.ec\/ambiente\/wp-json\/wp\/v2\/comments?post=20817"}],"version-history":[{"count":0,"href":"https:\/\/www.ambienteyenergia.gob.ec\/ambiente\/wp-json\/wp\/v2\/posts\/20817\/revisions"}],"wp:featuredmedia":[{"embeddable":true,"href":"https:\/\/www.ambienteyenergia.gob.ec\/ambiente\/wp-json\/wp\/v2\/media\/20818"}],"wp:attachment":[{"href":"https:\/\/www.ambienteyenergia.gob.ec\/ambiente\/wp-json\/wp\/v2\/media?parent=20817"}],"wp:term":[{"taxonomy":"category","embeddable":true,"href":"https:\/\/www.ambienteyenergia.gob.ec\/ambiente\/wp-json\/wp\/v2\/categories?post=20817"},{"taxonomy":"post_tag","embeddable":true,"href":"https:\/\/www.ambienteyenergia.gob.ec\/ambiente\/wp-json\/wp\/v2\/tags?post=20817"}],"curies":[{"name":"wp","href":"https:\/\/api.w.org\/{rel}","templated":true}]}}