{"id":20814,"date":"2014-06-11T15:50:36","date_gmt":"2014-06-11T20:50:36","guid":{"rendered":"http:\/\/www.ambiente.gob.ec\/?p=20814"},"modified":"2014-06-11T15:50:36","modified_gmt":"2014-06-11T20:50:36","slug":"mae-socializa-sobre-buenas-practicas-ambientales-en-el-sector-publico-en-imbabura","status":"publish","type":"post","link":"https:\/\/www.ambienteyenergia.gob.ec\/ambiente\/mae-socializa-sobre-buenas-practicas-ambientales-en-el-sector-publico-en-imbabura\/","title":{"rendered":"MAE socializa sobre Buenas Pr\u00e1cticas Ambientales en el sector p\u00fablico en Imbabura"},"content":{"rendered":"<p style=\"text-align: justify;\">Hoy, el Ministerio del Ambiente de Ecuador (MAE), a trav\u00e9s de la Direcci\u00f3n Provincial del Ambiente de Imbabura, imparti\u00f3 un taller sobre buenas pr\u00e1cticas ambientales a funcionarios del sector p\u00fablico, que se desarrollo en la Gobernaci\u00f3n Provincial.<\/p>\n<p style=\"text-align: justify;\">A esta cita acudieron todos los jefes y tenientes pol\u00edticos de la provincia que fueron elegidos para este per\u00edodo.<\/p>\n<p style=\"text-align: justify;\">Este taller fue enfocado al Acuerdo Ministerial N\u00b0 131, en el marco de Buenas Pr\u00e1cticas Ambientales en el sector p\u00fablico, en el\u00a0 que se remarc\u00f3 el buen uso y disposici\u00f3n final de desechos s\u00f3lidos generados en las instituciones que deber\u00e1n ser separados en tachos independientes.<\/p>\n<p style=\"text-align: justify;\">Otro de los puntos expuestos en esta jornada de capacitaci\u00f3n fue sobre la reutilizaci\u00f3n del papel y la generaci\u00f3n de una l\u00ednea base que identifique los problemas que limitan las Buenas Pr\u00e1cticas Ambientales en cada una de las instituciones involucradas.<\/p>\n<p style=\"text-align: justify;\">\n","protected":false},"excerpt":{"rendered":"<p class=\"excerpt\">Hoy, el Ministerio del Ambiente de Ecuador (MAE), a trav\u00e9s de la Direcci\u00f3n Provincial del Ambiente de Imbabura, imparti\u00f3 un taller sobre buenas pr\u00e1cticas ambientales a funcionarios del sector p\u00fablico, que se desarrollo en la Gobernaci\u00f3n Provincial. A esta cita acudieron todos los jefes y tenientes pol\u00edticos de la provincia que fueron elegidos para este per\u00edodo. Este taller fue enfocado&hellip; <a href=\"https:\/\/www.ambienteyenergia.gob.ec\/ambiente\/mae-socializa-sobre-buenas-practicas-ambientales-en-el-sector-publico-en-imbabura\/\">Read more &rarr;<\/a><\/p>\n","protected":false},"author":13,"featured_media":20815,"comment_status":"open","ping_status":"open","sticky":false,"template":"","format":"standard","meta":{"footnotes":""},"categories":[16,4],"tags":[],"class_list":["post-20814","post","type-post","status-publish","format-standard","has-post-thumbnail","hentry","category-comunicamos","category-noticias","xfolkentry"],"_links":{"self":[{"href":"https:\/\/www.ambienteyenergia.gob.ec\/ambiente\/wp-json\/wp\/v2\/posts\/20814","targetHints":{"allow":["GET"]}}],"collection":[{"href":"https:\/\/www.ambienteyenergia.gob.ec\/ambiente\/wp-json\/wp\/v2\/posts"}],"about":[{"href":"https:\/\/www.ambienteyenergia.gob.ec\/ambiente\/wp-json\/wp\/v2\/types\/post"}],"author":[{"embeddable":true,"href":"https:\/\/www.ambienteyenergia.gob.ec\/ambiente\/wp-json\/wp\/v2\/users\/13"}],"replies":[{"embeddable":true,"href":"https:\/\/www.ambienteyenergia.gob.ec\/ambiente\/wp-json\/wp\/v2\/comments?post=20814"}],"version-history":[{"count":0,"href":"https:\/\/www.ambienteyenergia.gob.ec\/ambiente\/wp-json\/wp\/v2\/posts\/20814\/revisions"}],"wp:featuredmedia":[{"embeddable":true,"href":"https:\/\/www.ambienteyenergia.gob.ec\/ambiente\/wp-json\/wp\/v2\/media\/20815"}],"wp:attachment":[{"href":"https:\/\/www.ambienteyenergia.gob.ec\/ambiente\/wp-json\/wp\/v2\/media?parent=20814"}],"wp:term":[{"taxonomy":"category","embeddable":true,"href":"https:\/\/www.ambienteyenergia.gob.ec\/ambiente\/wp-json\/wp\/v2\/categories?post=20814"},{"taxonomy":"post_tag","embeddable":true,"href":"https:\/\/www.ambienteyenergia.gob.ec\/ambiente\/wp-json\/wp\/v2\/tags?post=20814"}],"curies":[{"name":"wp","href":"https:\/\/api.w.org\/{rel}","templated":true}]}}