{"id":20802,"date":"2014-06-11T08:19:51","date_gmt":"2014-06-11T13:19:51","guid":{"rendered":"http:\/\/www.ambiente.gob.ec\/?p=20802"},"modified":"2014-06-11T08:19:51","modified_gmt":"2014-06-11T13:19:51","slug":"mae-rescata-un-gavilan-con-la-ayuda-de-la-ciudadania-en-chimborazo","status":"publish","type":"post","link":"https:\/\/www.ambienteyenergia.gob.ec\/ambiente\/mae-rescata-un-gavilan-con-la-ayuda-de-la-ciudadania-en-chimborazo\/","title":{"rendered":"MAE rescata un gavil\u00e1n con la ayuda de la ciudadan\u00eda en Chimborazo"},"content":{"rendered":"<p style=\"text-align: justify;\">Gracias al apoyo de la poblaci\u00f3n del Cant\u00f3n Penipe, el Ministerio del Ambiente (MAE), a trav\u00e9s de la Direcci\u00f3n Provincial de Chimborazo y con el apoyo de la Unidad de Protecci\u00f3n del Medio Ambiente (UPMA) de la Polic\u00eda Nacional, rescat\u00f3 a un gavil\u00e1n variable (<i>Buteo polyosoma<\/i>), en aparente buen estado de salud.<\/p>\n<p style=\"text-align: justify;\">Una llamada del personal de la <span style=\"text-decoration: underline;\">Unidad de Polic\u00eda Comunitaria<\/span> (UPC) de Penipe inform\u00f3 que en el sector denominado Pungal de Puela se encontr\u00f3 un gavil\u00e1n con heridas en sus alas. Al conocer la noticia, funcionarios del MAE se movilizaron al lugar para verificar la condici\u00f3n del ave. Ya en el sitio se comprob\u00f3 que el esp\u00e9cimen presentaba un problema en sus plumas gu\u00edas lo que le imped\u00eda volar.<\/p>\n<p style=\"text-align: justify;\">El ejemplar, en las pr\u00f3ximas horas, ser\u00e1 entregado a la Direcci\u00f3n Provincial del Ambiente de Imbabura para que a trav\u00e9s de esta dependencia se realicen los tr\u00e1mites necesarios para otorgar la custodia temporal del ave al Parque C\u00f3ndor, donde ser\u00e1 evaluado y rehabilitado, hasta determinar si es posible o no reinsertarlo en su h\u00e1bitat natural.<\/p>\n<p style=\"text-align: justify;\">El Ministerio del Ambiente, por su parte, continuar\u00e1 con charlas de educaci\u00f3n ambiental dirigidas a la ciudadan\u00eda, como parte de una campa\u00f1a de concienciaci\u00f3n para la protecci\u00f3n y conservaci\u00f3n de la biodiversidad.<\/p>\n<p style=\"text-align: justify;\">En el \u00faltimo mes, seg\u00fan el registro de la Direcci\u00f3n Provincial del Ambiente de Chimborazo, la poblaci\u00f3n ha participado y se ha comprometido mucho m\u00e1s con el rescate de espec\u00edmenes de vida silvestre, pues la mayor\u00eda de denuncias han sido notificadas por ellos.<\/p>\n","protected":false},"excerpt":{"rendered":"<p class=\"excerpt\">Gracias al apoyo de la poblaci\u00f3n del Cant\u00f3n Penipe, el Ministerio del Ambiente (MAE), a trav\u00e9s de la Direcci\u00f3n Provincial de Chimborazo y con el apoyo de la Unidad de Protecci\u00f3n del Medio Ambiente (UPMA) de la Polic\u00eda Nacional, rescat\u00f3 a un gavil\u00e1n variable (Buteo polyosoma), en aparente buen estado de salud. Una llamada del personal de la Unidad de&hellip; <a href=\"https:\/\/www.ambienteyenergia.gob.ec\/ambiente\/mae-rescata-un-gavilan-con-la-ayuda-de-la-ciudadania-en-chimborazo\/\">Read more &rarr;<\/a><\/p>\n","protected":false},"author":13,"featured_media":20803,"comment_status":"open","ping_status":"open","sticky":false,"template":"","format":"standard","meta":{"footnotes":""},"categories":[16,4],"tags":[],"class_list":["post-20802","post","type-post","status-publish","format-standard","has-post-thumbnail","hentry","category-comunicamos","category-noticias","xfolkentry"],"_links":{"self":[{"href":"https:\/\/www.ambienteyenergia.gob.ec\/ambiente\/wp-json\/wp\/v2\/posts\/20802","targetHints":{"allow":["GET"]}}],"collection":[{"href":"https:\/\/www.ambienteyenergia.gob.ec\/ambiente\/wp-json\/wp\/v2\/posts"}],"about":[{"href":"https:\/\/www.ambienteyenergia.gob.ec\/ambiente\/wp-json\/wp\/v2\/types\/post"}],"author":[{"embeddable":true,"href":"https:\/\/www.ambienteyenergia.gob.ec\/ambiente\/wp-json\/wp\/v2\/users\/13"}],"replies":[{"embeddable":true,"href":"https:\/\/www.ambienteyenergia.gob.ec\/ambiente\/wp-json\/wp\/v2\/comments?post=20802"}],"version-history":[{"count":0,"href":"https:\/\/www.ambienteyenergia.gob.ec\/ambiente\/wp-json\/wp\/v2\/posts\/20802\/revisions"}],"wp:featuredmedia":[{"embeddable":true,"href":"https:\/\/www.ambienteyenergia.gob.ec\/ambiente\/wp-json\/wp\/v2\/media\/20803"}],"wp:attachment":[{"href":"https:\/\/www.ambienteyenergia.gob.ec\/ambiente\/wp-json\/wp\/v2\/media?parent=20802"}],"wp:term":[{"taxonomy":"category","embeddable":true,"href":"https:\/\/www.ambienteyenergia.gob.ec\/ambiente\/wp-json\/wp\/v2\/categories?post=20802"},{"taxonomy":"post_tag","embeddable":true,"href":"https:\/\/www.ambienteyenergia.gob.ec\/ambiente\/wp-json\/wp\/v2\/tags?post=20802"}],"curies":[{"name":"wp","href":"https:\/\/api.w.org\/{rel}","templated":true}]}}