{"id":20793,"date":"2014-06-10T18:43:37","date_gmt":"2014-06-10T23:43:37","guid":{"rendered":"http:\/\/www.ambiente.gob.ec\/?p=20793"},"modified":"2014-06-11T08:00:59","modified_gmt":"2014-06-11T13:00:59","slug":"cercania-con-la-ciudadania-objetivo-del-ministerio-del-ambiente","status":"publish","type":"post","link":"https:\/\/www.ambienteyenergia.gob.ec\/ambiente\/cercania-con-la-ciudadania-objetivo-del-ministerio-del-ambiente\/","title":{"rendered":"Cercan\u00eda con la ciudadan\u00eda, objetivo del Ministerio del Ambiente"},"content":{"rendered":"<p style=\"text-align: justify;\">El Ministerio del Ambiente a trav\u00e9s del Programa Nacional para la Gesti\u00f3n Integral de Desechos S\u00f3lidos (PNGIDS), junto al Proyecto de Educaci\u00f3n Ambiental \u201cSomos parte de la Soluci\u00f3n\u201d, participaron en la V Feria del Medio Ambiente denominada \u201cLa tierra en Re mayor (reduce, recicla, reinventa y responde)\u201d organizada por la Prefectura del Guayas. En este espacio enmarcado en el d\u00eda mundial del ambiente, se desarrollaron conferencias y exposiciones permanentes en los diferentes stands, con la finalidad de que la ciudadan\u00eda haga conciencia del cuidado ambiental y ponga en pr\u00e1ctica el concepto de las 3 Rs (Reduce, Reusa y Recicla).<\/p>\n<p style=\"text-align: justify;\">En el ciclo de conferencias participaron Paula Guerra, Gerente del PNGIDS con el tema Situaci\u00f3n Actual en el Pa\u00eds, enfoc\u00e1ndose en los lineamientos de la Gesti\u00f3n Integral en todas sus etapas: generaci\u00f3n, recolecci\u00f3n, transporte, transferencia, separaci\u00f3n, aprovechamiento, tratamiento y disposici\u00f3n final de residuos s\u00f3lidos. Santiago Mart\u00ednez, T\u00e9cnico del PNGIDS, trat\u00f3 sobre mancomunamiento para la Gesti\u00f3n Integral de Residuos S\u00f3lidos y se\u00f1al\u00f3 que el trabajo en conjunto de los Gobiernos Aut\u00f3nomos Descentralizados Municipales es indispensable para que el manejo de los residuos s\u00f3lidos sea eficiente y sustentable social, econ\u00f3mica y ambientalmente en los distintos territorios del Ecuador.<\/p>\n<p style=\"text-align: justify;\">Por su parte, Elizabeth Arroyo, T\u00e9cnico PNGIDS, se\u00f1al\u00f3 que el aprovechamiento es una l\u00ednea en pleno desarrollo y crecimiento, dado el valor que ha adquirido como eslab\u00f3n fundamental de la cadena productiva y su aporte al cambio de matriz productiva. Adem\u00e1s, expuso sobre la responsabilidad extendida del productor e importador, entendida sobre la responsabilidad en el ciclo de vida de los productos. Para el 2014, por ejemplo, se plantean metas de recuperaci\u00f3n del total del mercado de Celulares en desuso 10%, Neum\u00e1ticos usados 20%, Pl\u00e1sticos de agroqu\u00edmicos 20% y Pilas 5%.<\/p>\n<p style=\"text-align: justify;\">Guerra tambi\u00e9n mencion\u00f3 que \u201cestos encuentros con la ciudadan\u00eda permiten despertar el inter\u00e9s de qu\u00e9 se puede hacer con los residuos y la responsabilidad que conlleva, pues \u00e9stos se extiende m\u00e1s all\u00e1 que nuestro propio hogar\u201d.<\/p>\n<p style=\"text-align: justify;\">El Ministerio del Ambiente junto al PNGIDS y Educaci\u00f3n Ambiental capacitaron a la ciudadan\u00eda en temas como reuso de materiales reciclados, impacto negativo que la mala disposici\u00f3n de los residuos puede ocasionar y alternativas de elaboraci\u00f3n de productos con materiales como: papel, envases multicapas, tetra pack, PET. Esto junto a pintura, pinceles, tijeras y goma despertaron la creatividad de los asistentes.<\/p>\n<p style=\"text-align: justify;\">\n","protected":false},"excerpt":{"rendered":"<p class=\"excerpt\">El Ministerio del Ambiente a trav\u00e9s del Programa Nacional para la Gesti\u00f3n Integral de Desechos S\u00f3lidos (PNGIDS), junto al Proyecto de Educaci\u00f3n Ambiental \u201cSomos parte de la Soluci\u00f3n\u201d, participaron en la V Feria del Medio Ambiente denominada \u201cLa tierra en Re mayor (reduce, recicla, reinventa y responde)\u201d organizada por la Prefectura del Guayas. En este espacio enmarcado en el d\u00eda&hellip; <a href=\"https:\/\/www.ambienteyenergia.gob.ec\/ambiente\/cercania-con-la-ciudadania-objetivo-del-ministerio-del-ambiente\/\">Read more &rarr;<\/a><\/p>\n","protected":false},"author":13,"featured_media":20794,"comment_status":"open","ping_status":"open","sticky":false,"template":"","format":"standard","meta":{"footnotes":""},"categories":[16,4,1],"tags":[],"class_list":["post-20793","post","type-post","status-publish","format-standard","has-post-thumbnail","hentry","category-comunicamos","category-noticias","category-sin-categoria","xfolkentry"],"_links":{"self":[{"href":"https:\/\/www.ambienteyenergia.gob.ec\/ambiente\/wp-json\/wp\/v2\/posts\/20793","targetHints":{"allow":["GET"]}}],"collection":[{"href":"https:\/\/www.ambienteyenergia.gob.ec\/ambiente\/wp-json\/wp\/v2\/posts"}],"about":[{"href":"https:\/\/www.ambienteyenergia.gob.ec\/ambiente\/wp-json\/wp\/v2\/types\/post"}],"author":[{"embeddable":true,"href":"https:\/\/www.ambienteyenergia.gob.ec\/ambiente\/wp-json\/wp\/v2\/users\/13"}],"replies":[{"embeddable":true,"href":"https:\/\/www.ambienteyenergia.gob.ec\/ambiente\/wp-json\/wp\/v2\/comments?post=20793"}],"version-history":[{"count":0,"href":"https:\/\/www.ambienteyenergia.gob.ec\/ambiente\/wp-json\/wp\/v2\/posts\/20793\/revisions"}],"wp:featuredmedia":[{"embeddable":true,"href":"https:\/\/www.ambienteyenergia.gob.ec\/ambiente\/wp-json\/wp\/v2\/media\/20794"}],"wp:attachment":[{"href":"https:\/\/www.ambienteyenergia.gob.ec\/ambiente\/wp-json\/wp\/v2\/media?parent=20793"}],"wp:term":[{"taxonomy":"category","embeddable":true,"href":"https:\/\/www.ambienteyenergia.gob.ec\/ambiente\/wp-json\/wp\/v2\/categories?post=20793"},{"taxonomy":"post_tag","embeddable":true,"href":"https:\/\/www.ambienteyenergia.gob.ec\/ambiente\/wp-json\/wp\/v2\/tags?post=20793"}],"curies":[{"name":"wp","href":"https:\/\/api.w.org\/{rel}","templated":true}]}}