{"id":20787,"date":"2014-06-10T18:33:06","date_gmt":"2014-06-10T23:33:06","guid":{"rendered":"http:\/\/www.ambiente.gob.ec\/?p=20787"},"modified":"2014-06-11T08:04:09","modified_gmt":"2014-06-11T13:04:09","slug":"mae-toma-acciones-frente-al-derrame-producido-en-esmeraldas","status":"publish","type":"post","link":"https:\/\/www.ambienteyenergia.gob.ec\/ambiente\/mae-toma-acciones-frente-al-derrame-producido-en-esmeraldas\/","title":{"rendered":"MAE toma acciones frente al derrame producido en Esmeraldas"},"content":{"rendered":"<p style=\"text-align: justify;\" align=\"justify\"><span style=\"font-family: arial, helvetica, sans-serif;\">Hoy, aproximadamente a las 03:00, se produjo un derrame de hidrocarburo en el Terminal Mar\u00edtimo del Balao, plataforma perteneciente a la Empresa P\u00fablica Petroecuador, espec\u00edficamente en la Monoboya Yankee del SOTE.<\/span><\/p>\n<p style=\"text-align: justify;\" align=\"justify\"><span style=\"font-family: arial, helvetica, sans-serif;\">Este particular se produjo al momento de despachar el hidrocarburo al buque carguero, debido a la ruptura de la manguera de descarga por golpe de ariete.<strong> Hasta el momento no hay una cantidad definida de<\/strong><\/span><strong><span style=\"font-family: arial, helvetica, sans-serif;\">\u00a0barriles derramados pues a\u00fan se espera el informe final de peritaje.<\/span><\/strong><\/p>\n<p style=\"text-align: justify;\" align=\"justify\"><span style=\"font-family: arial, helvetica, sans-serif;\">Es por tal motivo que el Ministerio del Ambiente de Ecuador (MAE), a trav\u00e9s de la Direcci\u00f3n Provincial de Esmeraldas, en coordinaci\u00f3n con la <\/span><em><span style=\"font-family: Arial, sans-serif;\">Agencia de Regulaci\u00f3n y Control Hidrocarbur\u00edfero <\/span><\/em><em><span style=\"font-family: Arial, sans-serif;\">(<\/span><\/em><span style=\"font-family: arial, helvetica, sans-serif;\">ARCH), y la Superintendencia de Balao (SUINBA) trabajan, <\/span><span style=\"font-family: arial, helvetica, sans-serif;\">seg\u00fan<\/span><span style=\"font-family: arial, helvetica, sans-serif;\"> sus competencias, en la verificaci\u00f3n y supervisi\u00f3n de las acciones llevadas a cabo por Petroecuador EP, en el marco de la normativa y licencia ambiental, a trav\u00e9s de su plan de contingencia para eventos adversos, en este caso el derrame presentado en Balao.<\/span><\/p>\n<p style=\"text-align: justify;\" align=\"justify\"><span style=\"font-family: arial, helvetica, sans-serif;\">T\u00e9cnicos del MAE realizaron un sobrevuelo, conjuntamente con Petroecuador, con el fin de verificar el \u00e1rea afectada en su totalidad. De la misma forma se prev\u00e9 realizar una reuni\u00f3n con las instituciones involucradas, en la cual se evaluar\u00e1 el incidente ocurrido en horas de la madrugada.<\/span><\/p>\n","protected":false},"excerpt":{"rendered":"<p class=\"excerpt\">Hoy, aproximadamente a las 03:00, se produjo un derrame de hidrocarburo en el Terminal Mar\u00edtimo del Balao, plataforma perteneciente a la Empresa P\u00fablica Petroecuador, espec\u00edficamente en la Monoboya Yankee del SOTE. Este particular se produjo al momento de despachar el hidrocarburo al buque carguero, debido a la ruptura de la manguera de descarga por golpe de ariete. Hasta el momento&hellip; <a href=\"https:\/\/www.ambienteyenergia.gob.ec\/ambiente\/mae-toma-acciones-frente-al-derrame-producido-en-esmeraldas\/\">Read more &rarr;<\/a><\/p>\n","protected":false},"author":13,"featured_media":20788,"comment_status":"open","ping_status":"open","sticky":false,"template":"","format":"standard","meta":{"footnotes":""},"categories":[16,4],"tags":[],"class_list":["post-20787","post","type-post","status-publish","format-standard","has-post-thumbnail","hentry","category-comunicamos","category-noticias","xfolkentry"],"_links":{"self":[{"href":"https:\/\/www.ambienteyenergia.gob.ec\/ambiente\/wp-json\/wp\/v2\/posts\/20787","targetHints":{"allow":["GET"]}}],"collection":[{"href":"https:\/\/www.ambienteyenergia.gob.ec\/ambiente\/wp-json\/wp\/v2\/posts"}],"about":[{"href":"https:\/\/www.ambienteyenergia.gob.ec\/ambiente\/wp-json\/wp\/v2\/types\/post"}],"author":[{"embeddable":true,"href":"https:\/\/www.ambienteyenergia.gob.ec\/ambiente\/wp-json\/wp\/v2\/users\/13"}],"replies":[{"embeddable":true,"href":"https:\/\/www.ambienteyenergia.gob.ec\/ambiente\/wp-json\/wp\/v2\/comments?post=20787"}],"version-history":[{"count":0,"href":"https:\/\/www.ambienteyenergia.gob.ec\/ambiente\/wp-json\/wp\/v2\/posts\/20787\/revisions"}],"wp:featuredmedia":[{"embeddable":true,"href":"https:\/\/www.ambienteyenergia.gob.ec\/ambiente\/wp-json\/wp\/v2\/media\/20788"}],"wp:attachment":[{"href":"https:\/\/www.ambienteyenergia.gob.ec\/ambiente\/wp-json\/wp\/v2\/media?parent=20787"}],"wp:term":[{"taxonomy":"category","embeddable":true,"href":"https:\/\/www.ambienteyenergia.gob.ec\/ambiente\/wp-json\/wp\/v2\/categories?post=20787"},{"taxonomy":"post_tag","embeddable":true,"href":"https:\/\/www.ambienteyenergia.gob.ec\/ambiente\/wp-json\/wp\/v2\/tags?post=20787"}],"curies":[{"name":"wp","href":"https:\/\/api.w.org\/{rel}","templated":true}]}}