{"id":20784,"date":"2014-06-10T16:39:21","date_gmt":"2014-06-10T21:39:21","guid":{"rendered":"http:\/\/www.ambiente.gob.ec\/?p=20784"},"modified":"2014-06-10T16:39:21","modified_gmt":"2014-06-10T21:39:21","slug":"mae-conmemoro-la-semana-ambiental-con-diferentes-actividades-en-loja","status":"publish","type":"post","link":"https:\/\/www.ambienteyenergia.gob.ec\/ambiente\/mae-conmemoro-la-semana-ambiental-con-diferentes-actividades-en-loja\/","title":{"rendered":"MAE conmemor\u00f3 la semana ambiental con diferentes actividades en Loja"},"content":{"rendered":"<p style=\"text-align: justify;\">El Ministerio del Ambiente, a trav\u00e9s de la Coordinaci\u00f3n Zonal 7 y Direcci\u00f3n Provincial Loja celebr\u00f3 la semana ambiental con varias actividades organizadas con el apoyo del Comit\u00e9 Interinstitucional de Defensa de la Biodiversidad de la Provincia de Loja.<\/p>\n<p style=\"text-align: justify;\">\n<p style=\"text-align: justify;\">Desde el 2 de mayo en la provincia de Loja se inici\u00f3 la Semana Ambiente con una rueda de prensa realizada en la Gobernaci\u00f3n, en la cual se dio a conocer sobre la agenda de actividades en el marco de la conmemoraci\u00f3n del D\u00eda Mundial del Ambiente. Adem\u00e1s de eso se realiz\u00f3 una jornada de capacitaci\u00f3n en el Instituto Bolivariano de la ciudad de Loja.<\/p>\n<p style=\"text-align: justify;\">\n<p style=\"text-align: justify;\">Por otro lado, el d\u00eda martes, se realiz\u00f3 el evento de premiaci\u00f3n del concurso del \u201cFestival de las 4R\u201d y \u201cPilas con las pilas \u201c, concurso realizados con motivo del D\u00eda del Reciclaje. Este evento se desarroll\u00f3 en Sal\u00f3n de Los Alcaldes del GAD Municipal de Loja, con la presencia de Dar\u00edo Jaramillo, concejal del cant\u00f3n y presidente de la comisi\u00f3n de Ambiente.<\/p>\n<p style=\"text-align: justify;\">\n<p style=\"text-align: justify;\">Adem\u00e1s de estas actividades, se ejecut\u00f3 una jornada de restauraci\u00f3n forestal interinstitucional, con la presencia de delegados de 15 instituciones p\u00fablicas, tres empresas privadas, dos centros educativos, j\u00f3venes del Servicio Civil Ciudadano y estudiantes universitarios de la ciudad. La reforestaci\u00f3n se realiz\u00f3 en el Parque E\u00f3lico, con la presencia de 200 personas, en el marco del convenio suscrito entre esta Cartera de Estado y CELEC.<\/p>\n<p style=\"text-align: justify;\">\n<p style=\"text-align: justify;\">La campa\u00f1a \u201cDisfrutemos del Ambiente Caminando al Parque Nacional Podocarpus\u201d, cont\u00f3 con la presencia de 200 ni\u00f1os y j\u00f3venes, quienes compartieron y disfrutaron del ambiente natural del parque, a trav\u00e9s de una caminata y charlas educativas. El d\u00eda jueves, adem\u00e1s, se realiz\u00f3 la entrega de plantas a los agricultores que asisten a la feria libre de la parroquia Chuquiribamba,<\/p>\n<p style=\"text-align: justify;\">\n<p style=\"text-align: justify;\">Los d\u00edas s\u00e1bado y domingo, de acuerdo a las actividades programadas, se realiz\u00f3 la entrega de plantas a agricultores en la feria libre de La Tebaida en la parroquia San Sebasti\u00e1n y en la parroquia Malacatos.<\/p>\n<p style=\"text-align: justify;\">\n<p style=\"text-align: justify;\">En el Parque Nacional Yacuri, se realizaron actividades de reforestaci\u00f3n en la parroquia Jimbura, capacitaci\u00f3n de consumo responsable en el Colegio Rosa Herlinda del cant\u00f3n Amaluza y caminata con establecimientos educativos y turistas al Parque Nacional Yacuri.<\/p>\n<p style=\"text-align: justify;\">\n<p style=\"text-align: justify;\">Los ni\u00f1os, j\u00f3venes, autoridades, delegaciones, que participaron, se mostraron complacidos\u00a0 de realizar estas actividades y se comprometieron a adoptar acciones saludables para el cuidado y conservaci\u00f3n de nuestro ambiente.<\/p>\n<p style=\"text-align: justify;\">\n","protected":false},"excerpt":{"rendered":"<p class=\"excerpt\">El Ministerio del Ambiente, a trav\u00e9s de la Coordinaci\u00f3n Zonal 7 y Direcci\u00f3n Provincial Loja celebr\u00f3 la semana ambiental con varias actividades organizadas con el apoyo del Comit\u00e9 Interinstitucional de Defensa de la Biodiversidad de la Provincia de Loja. Desde el 2 de mayo en la provincia de Loja se inici\u00f3 la Semana Ambiente con una rueda de prensa realizada&hellip; <a href=\"https:\/\/www.ambienteyenergia.gob.ec\/ambiente\/mae-conmemoro-la-semana-ambiental-con-diferentes-actividades-en-loja\/\">Read more &rarr;<\/a><\/p>\n","protected":false},"author":13,"featured_media":20785,"comment_status":"open","ping_status":"open","sticky":false,"template":"","format":"standard","meta":{"footnotes":""},"categories":[16,4],"tags":[],"class_list":["post-20784","post","type-post","status-publish","format-standard","has-post-thumbnail","hentry","category-comunicamos","category-noticias","xfolkentry"],"_links":{"self":[{"href":"https:\/\/www.ambienteyenergia.gob.ec\/ambiente\/wp-json\/wp\/v2\/posts\/20784","targetHints":{"allow":["GET"]}}],"collection":[{"href":"https:\/\/www.ambienteyenergia.gob.ec\/ambiente\/wp-json\/wp\/v2\/posts"}],"about":[{"href":"https:\/\/www.ambienteyenergia.gob.ec\/ambiente\/wp-json\/wp\/v2\/types\/post"}],"author":[{"embeddable":true,"href":"https:\/\/www.ambienteyenergia.gob.ec\/ambiente\/wp-json\/wp\/v2\/users\/13"}],"replies":[{"embeddable":true,"href":"https:\/\/www.ambienteyenergia.gob.ec\/ambiente\/wp-json\/wp\/v2\/comments?post=20784"}],"version-history":[{"count":0,"href":"https:\/\/www.ambienteyenergia.gob.ec\/ambiente\/wp-json\/wp\/v2\/posts\/20784\/revisions"}],"wp:featuredmedia":[{"embeddable":true,"href":"https:\/\/www.ambienteyenergia.gob.ec\/ambiente\/wp-json\/wp\/v2\/media\/20785"}],"wp:attachment":[{"href":"https:\/\/www.ambienteyenergia.gob.ec\/ambiente\/wp-json\/wp\/v2\/media?parent=20784"}],"wp:term":[{"taxonomy":"category","embeddable":true,"href":"https:\/\/www.ambienteyenergia.gob.ec\/ambiente\/wp-json\/wp\/v2\/categories?post=20784"},{"taxonomy":"post_tag","embeddable":true,"href":"https:\/\/www.ambienteyenergia.gob.ec\/ambiente\/wp-json\/wp\/v2\/tags?post=20784"}],"curies":[{"name":"wp","href":"https:\/\/api.w.org\/{rel}","templated":true}]}}