{"id":20768,"date":"2014-06-10T13:29:52","date_gmt":"2014-06-10T18:29:52","guid":{"rendered":"http:\/\/www.ambiente.gob.ec\/?p=20768"},"modified":"2014-06-10T13:36:26","modified_gmt":"2014-06-10T18:36:26","slug":"proyectos-productivos-para-areas-protegidas-inician-con-capacitacion","status":"publish","type":"post","link":"https:\/\/www.ambienteyenergia.gob.ec\/ambiente\/proyectos-productivos-para-areas-protegidas-inician-con-capacitacion\/","title":{"rendered":"Proyectos productivos para \u00e1reas protegidas inician con capacitaci\u00f3n"},"content":{"rendered":"<p style=\"text-align: justify;\"><em>El 10 y 11 de junio, en Quito, se capacitar\u00e1 a los coordinadores, contadores y representantes legales de las organizaciones comunitarias de las \u00e1reas protegidas piloto seleccionadas por el Mecanismo de Fondos Concursables, en temas administrativos y financieros, protocolos de difusi\u00f3n y promoci\u00f3n y buenas pr\u00e1cticas en turismo sostenible, entre otras, para fortalecer la ejecuci\u00f3n de cada iniciativa.\u00a0<\/em><\/p>\n<p style=\"text-align: justify;\">Hoy, iniciaron formalmente los proyectos productivos en \u00e1reas protegidas que son apoyados por el Ministerio del Ambiente, el Programa de las Naciones Unidas para el Desarrollo y el Fondo para el Medio Ambiente Mundial, a trav\u00e9s del Mecanismo de Fondos Concursables del Proyecto de Sostenibilidad Financiera (PSF) para el Sistema Nacional de \u00c1reas Protegidas del Ecuador.<\/p>\n<p style=\"text-align: justify;\">M\u00e1s de 50 representantes de las organizaciones comunitarias de las nueve \u00e1reas protegidas piloto con las que trabaja el PSF, participan en el taller de arranque de las iniciativas provenientes de las Reservas Ecol\u00f3gicas Ilinizas y Mache Chindul; Parques Nacionales Yasun\u00ed y Cayambe Coca; Reservas de Producci\u00f3n de Fauna Chimborazo y Cuyabeno; Reserva Marina Galera San Francisco; Reserva Yunguilla de conservaci\u00f3n privada y el Humedal La Tembladera como parte de un proyecto de conservaci\u00f3n comunitario.<\/p>\n<p style=\"text-align: justify;\">Adem\u00e1s, durante el encuentro, los participantes explicar\u00e1n los objetivos y alcances de cada una de sus iniciativas, con el fin de generar un trabajo coordinado y solidario entre todas las organizaciones beneficiarias.<\/p>\n<p style=\"text-align: justify;\">\u00abEs importante se\u00f1alar que este tipo de proyectos que han sido construidos a trav\u00e9s de esta alianza fundamental entre lo privado, publico y comunitario, nos permitir\u00e1n ir marcando el camino para asumir a las \u00e1reas protegidas como espacios que generan oportunidades y desarrollo para los ecuatorianos y ecuatorianas\u00bb, se\u00f1al\u00f3 Pablo Larco, Especialista en Fondos Concursables del PSF, en su intervenci\u00f3n.<\/p>\n<p style=\"text-align: justify;\">La pesca sostenible, el turismo comunitario, el uso responsable de la biodiversidad, la agroecolog\u00eda, entre otros, son los temas abordados en las iniciativas productivas que buscan aportar en la conservaci\u00f3n y gesti\u00f3n integral del Sistema Nacional de \u00c1reas Protegidas.<\/p>\n<p style=\"text-align: justify;\">Para Elisa R\u00edos, de la Reserva Marina Galera San Francisco, ubicada en la Provincia de Esmeraldas, \u00abestar inmersos en este proceso nos permite generar oportunidades de desarrollo para nuestras comunidades\u00bb.<\/p>\n<p style=\"text-align: justify;\">Para descargar la lista de proyectos puede ingresar al siguiente link:\u00a0<a href=\"http:\/\/www.psfecuador.com\/\">www.psfecuador.com<\/a><a href=\"http:\/\/http:\/\/psfecuador.com\/el-mfc\/\"><br \/>\n<\/a><\/p>\n","protected":false},"excerpt":{"rendered":"<p class=\"excerpt\">El 10 y 11 de junio, en Quito, se capacitar\u00e1 a los coordinadores, contadores y representantes legales de las organizaciones comunitarias de las \u00e1reas protegidas piloto seleccionadas por el Mecanismo de Fondos Concursables, en temas administrativos y financieros, protocolos de difusi\u00f3n y promoci\u00f3n y buenas pr\u00e1cticas en turismo sostenible, entre otras, para fortalecer la ejecuci\u00f3n de cada iniciativa.\u00a0 Hoy, iniciaron&hellip; <a href=\"https:\/\/www.ambienteyenergia.gob.ec\/ambiente\/proyectos-productivos-para-areas-protegidas-inician-con-capacitacion\/\">Read more &rarr;<\/a><\/p>\n","protected":false},"author":13,"featured_media":20769,"comment_status":"open","ping_status":"open","sticky":false,"template":"","format":"standard","meta":{"footnotes":""},"categories":[16,4],"tags":[],"class_list":["post-20768","post","type-post","status-publish","format-standard","has-post-thumbnail","hentry","category-comunicamos","category-noticias","xfolkentry"],"_links":{"self":[{"href":"https:\/\/www.ambienteyenergia.gob.ec\/ambiente\/wp-json\/wp\/v2\/posts\/20768","targetHints":{"allow":["GET"]}}],"collection":[{"href":"https:\/\/www.ambienteyenergia.gob.ec\/ambiente\/wp-json\/wp\/v2\/posts"}],"about":[{"href":"https:\/\/www.ambienteyenergia.gob.ec\/ambiente\/wp-json\/wp\/v2\/types\/post"}],"author":[{"embeddable":true,"href":"https:\/\/www.ambienteyenergia.gob.ec\/ambiente\/wp-json\/wp\/v2\/users\/13"}],"replies":[{"embeddable":true,"href":"https:\/\/www.ambienteyenergia.gob.ec\/ambiente\/wp-json\/wp\/v2\/comments?post=20768"}],"version-history":[{"count":0,"href":"https:\/\/www.ambienteyenergia.gob.ec\/ambiente\/wp-json\/wp\/v2\/posts\/20768\/revisions"}],"wp:featuredmedia":[{"embeddable":true,"href":"https:\/\/www.ambienteyenergia.gob.ec\/ambiente\/wp-json\/wp\/v2\/media\/20769"}],"wp:attachment":[{"href":"https:\/\/www.ambienteyenergia.gob.ec\/ambiente\/wp-json\/wp\/v2\/media?parent=20768"}],"wp:term":[{"taxonomy":"category","embeddable":true,"href":"https:\/\/www.ambienteyenergia.gob.ec\/ambiente\/wp-json\/wp\/v2\/categories?post=20768"},{"taxonomy":"post_tag","embeddable":true,"href":"https:\/\/www.ambienteyenergia.gob.ec\/ambiente\/wp-json\/wp\/v2\/tags?post=20768"}],"curies":[{"name":"wp","href":"https:\/\/api.w.org\/{rel}","templated":true}]}}