{"id":20766,"date":"2014-06-10T13:20:12","date_gmt":"2014-06-10T18:20:12","guid":{"rendered":"http:\/\/www.ambiente.gob.ec\/?p=20766"},"modified":"2014-06-10T15:15:38","modified_gmt":"2014-06-10T20:15:38","slug":"mae-participo-en-foro-de-gobernanza-ambiental-organizado-por-ceda-y","status":"publish","type":"post","link":"https:\/\/www.ambienteyenergia.gob.ec\/ambiente\/mae-participo-en-foro-de-gobernanza-ambiental-organizado-por-ceda-y\/","title":{"rendered":"MAE particip\u00f3 en foro de Gobernanza Ambiental organizado por CEDA y FLACSO"},"content":{"rendered":"<p style=\"text-align: justify;\">La Subsecretar\u00eda de Cambio Clim\u00e1tico del Ministerio del Ambiente particip\u00f3 en el foro de Gobernanza Ambiental organizado por el Centro Ecuatoriano de Derecho Ambiental (CEDA) y la Facultad Latinoamericana de Ciencias Sociales (FLACSO) con una presentaci\u00f3n sobre la evoluci\u00f3n de las negociaciones internacionales de cambio clim\u00e1tico, el futuro de la nueva etapa post 2015 y la gesti\u00f3n del cambio clim\u00e1tico en Ecuador.<\/p>\n<p style=\"text-align: justify;\">Valeria Garrido, funcionaria del Ministerio del Ambiente, dio a conocer la importancia de la Convenci\u00f3n Marco de Naciones Unidas sobre Cambio Clim\u00e1tico (CMNUCC), organizaci\u00f3n que establece un marco general para los esfuerzos internacionales encaminados a abordar el problema del cambio clim\u00e1tico. En su intervenci\u00f3n, se\u00f1al\u00f3 que el protocolo de Kioto es el \u00fanico instrumento jur\u00eddico que establece metas espec\u00edficas en la lucha contra el cambio clim\u00e1tico e indic\u00f3 que la COP20 de Lima es una oportunidad para la sociedad civil y para las organizaciones no gubernamentales para fortalecer su participaci\u00f3n.<\/p>\n<p style=\"text-align: justify;\">En cuanto a la gesti\u00f3n de cambio clim\u00e1tico se explic\u00f3 el marco regulatorio, institucionalidad, mecanismos de transversalizaci\u00f3n y programas de cambio clim\u00e1tico en el Ecuador.<\/p>\n<p style=\"text-align: justify;\">A esta exposici\u00f3n, se sum\u00f3 la conferencia de Francisco Pardavila, investigador del CEDA, quien puso \u00e9nfasis en el impacto del cambio clim\u00e1tico sobre la generaci\u00f3n hidroel\u00e9ctrica en la vertiente amaz\u00f3nica de Ecuador.<\/p>\n<p style=\"text-align: justify;\">Y para finalizar, Pepe Ariza, profesor e investigador de la FLACSO, abord\u00f3 el tema de soberan\u00eda energ\u00e9tica.<\/p>\n<p style=\"text-align: justify;\">Durante dos horas, los conferencistas invitados expusieron sus investigaciones y respondieron las inquietudes de los asistentes.<\/p>\n<p style=\"text-align: justify;\">\n","protected":false},"excerpt":{"rendered":"<p class=\"excerpt\">La Subsecretar\u00eda de Cambio Clim\u00e1tico del Ministerio del Ambiente particip\u00f3 en el foro de Gobernanza Ambiental organizado por el Centro Ecuatoriano de Derecho Ambiental (CEDA) y la Facultad Latinoamericana de Ciencias Sociales (FLACSO) con una presentaci\u00f3n sobre la evoluci\u00f3n de las negociaciones internacionales de cambio clim\u00e1tico, el futuro de la nueva etapa post 2015 y la gesti\u00f3n del cambio clim\u00e1tico&hellip; <a href=\"https:\/\/www.ambienteyenergia.gob.ec\/ambiente\/mae-participo-en-foro-de-gobernanza-ambiental-organizado-por-ceda-y\/\">Read more &rarr;<\/a><\/p>\n","protected":false},"author":13,"featured_media":20779,"comment_status":"open","ping_status":"open","sticky":false,"template":"","format":"standard","meta":{"footnotes":""},"categories":[16,4],"tags":[],"class_list":["post-20766","post","type-post","status-publish","format-standard","has-post-thumbnail","hentry","category-comunicamos","category-noticias","xfolkentry"],"_links":{"self":[{"href":"https:\/\/www.ambienteyenergia.gob.ec\/ambiente\/wp-json\/wp\/v2\/posts\/20766","targetHints":{"allow":["GET"]}}],"collection":[{"href":"https:\/\/www.ambienteyenergia.gob.ec\/ambiente\/wp-json\/wp\/v2\/posts"}],"about":[{"href":"https:\/\/www.ambienteyenergia.gob.ec\/ambiente\/wp-json\/wp\/v2\/types\/post"}],"author":[{"embeddable":true,"href":"https:\/\/www.ambienteyenergia.gob.ec\/ambiente\/wp-json\/wp\/v2\/users\/13"}],"replies":[{"embeddable":true,"href":"https:\/\/www.ambienteyenergia.gob.ec\/ambiente\/wp-json\/wp\/v2\/comments?post=20766"}],"version-history":[{"count":0,"href":"https:\/\/www.ambienteyenergia.gob.ec\/ambiente\/wp-json\/wp\/v2\/posts\/20766\/revisions"}],"wp:featuredmedia":[{"embeddable":true,"href":"https:\/\/www.ambienteyenergia.gob.ec\/ambiente\/wp-json\/wp\/v2\/media\/20779"}],"wp:attachment":[{"href":"https:\/\/www.ambienteyenergia.gob.ec\/ambiente\/wp-json\/wp\/v2\/media?parent=20766"}],"wp:term":[{"taxonomy":"category","embeddable":true,"href":"https:\/\/www.ambienteyenergia.gob.ec\/ambiente\/wp-json\/wp\/v2\/categories?post=20766"},{"taxonomy":"post_tag","embeddable":true,"href":"https:\/\/www.ambienteyenergia.gob.ec\/ambiente\/wp-json\/wp\/v2\/tags?post=20766"}],"curies":[{"name":"wp","href":"https:\/\/api.w.org\/{rel}","templated":true}]}}