{"id":20757,"date":"2014-06-10T11:37:28","date_gmt":"2014-06-10T16:37:28","guid":{"rendered":"http:\/\/www.ambiente.gob.ec\/?p=20757"},"modified":"2014-06-10T11:37:28","modified_gmt":"2014-06-10T16:37:28","slug":"una-semana-de-actividades-para-celebrar-al-ambiente","status":"publish","type":"post","link":"https:\/\/www.ambienteyenergia.gob.ec\/ambiente\/una-semana-de-actividades-para-celebrar-al-ambiente\/","title":{"rendered":"Una semana de actividades para celebrar al Ambiente"},"content":{"rendered":"<p style=\"text-align: justify;\"><b><i>El D\u00eda Mundial del Ambiente se record\u00f3 con m\u00faltiples actividades en todo el archipi\u00e9lago.<\/i>\u00a0<\/b><\/p>\n<p style=\"text-align: justify;\">\n<p style=\"text-align: justify;\">La comunidad de San Crist\u00f3bal, Santa Cruz e Isabela disfrut\u00f3 de diferentes actividades desarrolladas por el Ministerio del Ambiente, a trav\u00e9s de la Direcci\u00f3n del Parque Nacional Gal\u00e1pagos, para celebrar el D\u00eda Mundial del Ambiente conmemorado el 5 de junio.<\/p>\n<p style=\"text-align: justify;\">\n<p style=\"text-align: justify;\">En Gal\u00e1pagos, charlas, ferias, t\u00edteres, ciclopaseos, caminatas, reforestaci\u00f3n, y visitas interpretativas formaron parte de las actividades desarrolladas por la autoridad ambiental para \u00a0que la ciudadan\u00eda aprenda y reflexione sobre la importancia de proteger el entorno en el que vivimos, como pieza fundamental para la supervivencia.<\/p>\n<p style=\"text-align: justify;\">\n<p style=\"text-align: justify;\">Este a\u00f1o, la Direcci\u00f3n del Parque Nacional Gal\u00e1pagos promovi\u00f3 la adopci\u00f3n de buenas pr\u00e1cticas ambientales como usar bicicleta, ahorrar energ\u00eda el\u00e9ctrica y agua, reducci\u00f3n del uso de fundas pl\u00e1sticas, adem\u00e1s del consumo responsable de cualquier tipo de producto, como medidas para reducir el impacto de las actividades humanas sobre los recursos naturales. Los juegos y presentaciones se desarrollaron en torno a tem\u00e1ticas ambientales tanto en espacios abiertos, as\u00ed como tambi\u00e9n dentro de los planteles educativos de la localidad.<\/p>\n<p style=\"text-align: justify;\">\n<p style=\"text-align: justify;\">\u201cAunque somos los promotores de estas actividades, nuestro objetivo es que la actitud responsable con el ambiente sea la forma de vida de cada habitante de Gal\u00e1pagos. Cada a\u00f1o vemos m\u00e1s personas respaldando estas acciones\u201d manifest\u00f3 Arturo Izurieta, Director del PNG.<\/p>\n<p style=\"text-align: justify;\">\n<p style=\"text-align: justify;\">Alrededor de 300 personas participaron en el ciclopaseo y caminata organizada en Santa Cruz y San Crist\u00f3bal, mientras que a la feria ambiental desarrolladas en Santa Cruz e Isabela, asistieron aproximadamente 900 m\u00e1s y en las actividades educativas en San Crist\u00f3bal participaron 830 estudiantes.<\/p>\n<p style=\"text-align: justify;\">\n<p style=\"text-align: justify;\">Este a\u00f1o, a diferencia de los anteriores, es importante destacar que la organizaci\u00f3n se realiz\u00f3 conjuntamente con algunos grupos organizados de la comunidad, especialmente de j\u00f3venes que buscan un espacio para fomentar sus actividades deportivas amigables con el ambiente, como los clubes de surf, downhill y skate en Santa Cruz, cuyos integrantes realizaron exposiciones y shows.<\/p>\n<p style=\"text-align: justify;\">\n<p style=\"text-align: justify;\">Otras organizaciones que se sumaron a la celebraci\u00f3n fueron la Agencia de Bioseguridad para Gal\u00e1pagos, Fundaci\u00f3n Charles Darwin, Ecology Project International, Academia de agentes de cambio, el Ministerio de Salud de Ecuador, Unidades Educativas, el Instituto Oceanogr\u00e1fico de Isabela IOI, la Casa de la Cultura Ecuatoriana y la Armada Nacional.<\/p>\n<p style=\"text-align: justify;\">\n<p style=\"text-align: justify;\">El D\u00eda Mundial del Medio Ambiente fue establecido por las Nacionales Unidas en 1973, con la finalidad de motivar a las personas para que se conviertan en agentes activos del desarrollo sustentable y equitativo; promover el papel fundamental de las comunidades en el cambio de actitud hacia temas ambientales, y fomentar la cooperaci\u00f3n para que el medio ambiente sea sostenible.<\/p>\n<p style=\"text-align: justify;\">\n<p style=\"text-align: justify;\">El 8 de junio se celebr\u00f3 el D\u00eda Mundial de los Oc\u00e9anos por lo que tem\u00e1tica relacionada con la identidad\u00a0mar\u00edtima tambi\u00e9n estuvo incluida en la semana del ambiente.<\/p>\n","protected":false},"excerpt":{"rendered":"<p class=\"excerpt\">El D\u00eda Mundial del Ambiente se record\u00f3 con m\u00faltiples actividades en todo el archipi\u00e9lago.\u00a0 La comunidad de San Crist\u00f3bal, Santa Cruz e Isabela disfrut\u00f3 de diferentes actividades desarrolladas por el Ministerio del Ambiente, a trav\u00e9s de la Direcci\u00f3n del Parque Nacional Gal\u00e1pagos, para celebrar el D\u00eda Mundial del Ambiente conmemorado el 5 de junio. En Gal\u00e1pagos, charlas, ferias, t\u00edteres, ciclopaseos,&hellip; <a href=\"https:\/\/www.ambienteyenergia.gob.ec\/ambiente\/una-semana-de-actividades-para-celebrar-al-ambiente\/\">Read more &rarr;<\/a><\/p>\n","protected":false},"author":13,"featured_media":20758,"comment_status":"open","ping_status":"open","sticky":false,"template":"","format":"standard","meta":{"footnotes":""},"categories":[16,4],"tags":[],"class_list":["post-20757","post","type-post","status-publish","format-standard","has-post-thumbnail","hentry","category-comunicamos","category-noticias","xfolkentry"],"_links":{"self":[{"href":"https:\/\/www.ambienteyenergia.gob.ec\/ambiente\/wp-json\/wp\/v2\/posts\/20757","targetHints":{"allow":["GET"]}}],"collection":[{"href":"https:\/\/www.ambienteyenergia.gob.ec\/ambiente\/wp-json\/wp\/v2\/posts"}],"about":[{"href":"https:\/\/www.ambienteyenergia.gob.ec\/ambiente\/wp-json\/wp\/v2\/types\/post"}],"author":[{"embeddable":true,"href":"https:\/\/www.ambienteyenergia.gob.ec\/ambiente\/wp-json\/wp\/v2\/users\/13"}],"replies":[{"embeddable":true,"href":"https:\/\/www.ambienteyenergia.gob.ec\/ambiente\/wp-json\/wp\/v2\/comments?post=20757"}],"version-history":[{"count":0,"href":"https:\/\/www.ambienteyenergia.gob.ec\/ambiente\/wp-json\/wp\/v2\/posts\/20757\/revisions"}],"wp:featuredmedia":[{"embeddable":true,"href":"https:\/\/www.ambienteyenergia.gob.ec\/ambiente\/wp-json\/wp\/v2\/media\/20758"}],"wp:attachment":[{"href":"https:\/\/www.ambienteyenergia.gob.ec\/ambiente\/wp-json\/wp\/v2\/media?parent=20757"}],"wp:term":[{"taxonomy":"category","embeddable":true,"href":"https:\/\/www.ambienteyenergia.gob.ec\/ambiente\/wp-json\/wp\/v2\/categories?post=20757"},{"taxonomy":"post_tag","embeddable":true,"href":"https:\/\/www.ambienteyenergia.gob.ec\/ambiente\/wp-json\/wp\/v2\/tags?post=20757"}],"curies":[{"name":"wp","href":"https:\/\/api.w.org\/{rel}","templated":true}]}}