{"id":20751,"date":"2014-06-09T20:12:03","date_gmt":"2014-06-10T01:12:03","guid":{"rendered":"http:\/\/www.ambiente.gob.ec\/?p=20751"},"modified":"2014-06-10T13:13:30","modified_gmt":"2014-06-10T18:13:30","slug":"parque-de-educacion-ambiental-se-realizara-en-quito-entre-el-13-y-19-de-octubre","status":"publish","type":"post","link":"https:\/\/www.ambienteyenergia.gob.ec\/ambiente\/parque-de-educacion-ambiental-se-realizara-en-quito-entre-el-13-y-19-de-octubre\/","title":{"rendered":"Parque de Educaci\u00f3n Ambiental se realizar\u00e1 en Quito, entre el 13 y 19 de octubre"},"content":{"rendered":"<p style=\"text-align: justify;\">Este lunes 9 de junio se llev\u00f3 a cabo la socializaci\u00f3n de lo que ser\u00e1 el &#8216;Parque de Educaci\u00f3n Ambiental CIMA&#8217;, el parque m\u00e1s grande de Latinoam\u00e9rica. En el evento estuvo presente, Lorena Tapia, Ministra de Ambiente, qui\u00e9n reiter\u00f3 el apoyo incondicional del Ministerio del Ambiente (MAE) a este tipo de iniciativas que promueven la cultura ambiental de los ciudadanos.<\/p>\n<p style=\"text-align: justify;\">El &#8216;Parque de Educaci\u00f3n Ambiental CIMA&#8217;, se llevar\u00e1 a cabo en la ciudad de Quito del 13 al 19 de octubre del presente a\u00f1o. El prop\u00f3sito del parque es ser un gran programa de sensibilizaci\u00f3n y capacitaci\u00f3n ambiental dirigida a j\u00f3venes como p\u00fablico objetivo principal y las familias como p\u00fablico objetivo secundario.<\/p>\n<p style=\"text-align: justify;\">La tem\u00e1tica central del circuito es formar consumidores responsables por medio de un recorrido vivencial, por diversas estaciones que estar\u00e1n enfocadas al respeto y preservaci\u00f3n de los recursos naturales. Al ingresar a cada pabell\u00f3n los visitantes, de manera sensorial y divertida, con un lenguaje amigable, participar\u00e1n de un programa de capacitaci\u00f3n demostrativa, que les dar\u00e1 a conocer que recursos se necesitan para elaborar los materiales que posteriormente ser\u00e1n reciclados y los pasos adecuados para la correcta industrializaci\u00f3n de los mismos.<\/p>\n<p style=\"text-align: justify;\">El objetivo de la presentaci\u00f3n de este proyecto ecol\u00f3gico, fue lograr una alianza estrat\u00e9gica entre el sector p\u00fablico y privado, con la finalidad de trabajar en conjunto para el desarrollo del pa\u00eds.<\/p>\n<p style=\"text-align: justify;\">La Ministra Lorena Tapia, hizo una invitaci\u00f3n a las empresas privadas a apoyar el proyecto del &#8216;Parque de Educaci\u00f3n Ambiental CIMA&#8217;, en el cual se espera la visita de m\u00e1s de 100 mil personas durante los siete d\u00edas que dura el evento, donde el 40% ser\u00e1n ni\u00f1os de 5 a 12 a\u00f1os, el 30% j\u00f3venes de 13 a 18 a\u00f1os y el 30% adultos; los mismos que luego de un interesante y din\u00e1mico recorrido por el parque tem\u00e1tico saldr\u00e1n ilustrados en temas de vital importancia para el cuidado de nuestro planeta.<\/p>\n<p style=\"text-align: justify;\"><a href=\"http:\/\/www.ambienteyenergia.gob.ec\/ambiente\/wp-content\/uploads\/2014\/06\/Cima-1.jpg\"><img loading=\"lazy\" decoding=\"async\" class=\"aligncenter size-full wp-image-20753\" alt=\"Cima 1\" src=\"http:\/\/www.ambienteyenergia.gob.ec\/ambiente\/wp-content\/uploads\/2014\/06\/Cima-1.jpg\" width=\"300\" height=\"200\" \/><\/a><\/p>\n","protected":false},"excerpt":{"rendered":"<p class=\"excerpt\">Este lunes 9 de junio se llev\u00f3 a cabo la socializaci\u00f3n de lo que ser\u00e1 el &#8216;Parque de Educaci\u00f3n Ambiental CIMA&#8217;, el parque m\u00e1s grande de Latinoam\u00e9rica. En el evento estuvo presente, Lorena Tapia, Ministra de Ambiente, qui\u00e9n reiter\u00f3 el apoyo incondicional del Ministerio del Ambiente (MAE) a este tipo de iniciativas que promueven la cultura ambiental de los ciudadanos.&hellip; <a href=\"https:\/\/www.ambienteyenergia.gob.ec\/ambiente\/parque-de-educacion-ambiental-se-realizara-en-quito-entre-el-13-y-19-de-octubre\/\">Read more &rarr;<\/a><\/p>\n","protected":false},"author":13,"featured_media":20752,"comment_status":"open","ping_status":"open","sticky":false,"template":"","format":"standard","meta":{"footnotes":""},"categories":[16,4],"tags":[323,108,53,49],"class_list":["post-20751","post","type-post","status-publish","format-standard","has-post-thumbnail","hentry","category-comunicamos","category-noticias","tag-cima","tag-lorena-tapia","tag-mae","tag-quito","xfolkentry"],"_links":{"self":[{"href":"https:\/\/www.ambienteyenergia.gob.ec\/ambiente\/wp-json\/wp\/v2\/posts\/20751","targetHints":{"allow":["GET"]}}],"collection":[{"href":"https:\/\/www.ambienteyenergia.gob.ec\/ambiente\/wp-json\/wp\/v2\/posts"}],"about":[{"href":"https:\/\/www.ambienteyenergia.gob.ec\/ambiente\/wp-json\/wp\/v2\/types\/post"}],"author":[{"embeddable":true,"href":"https:\/\/www.ambienteyenergia.gob.ec\/ambiente\/wp-json\/wp\/v2\/users\/13"}],"replies":[{"embeddable":true,"href":"https:\/\/www.ambienteyenergia.gob.ec\/ambiente\/wp-json\/wp\/v2\/comments?post=20751"}],"version-history":[{"count":0,"href":"https:\/\/www.ambienteyenergia.gob.ec\/ambiente\/wp-json\/wp\/v2\/posts\/20751\/revisions"}],"wp:featuredmedia":[{"embeddable":true,"href":"https:\/\/www.ambienteyenergia.gob.ec\/ambiente\/wp-json\/wp\/v2\/media\/20752"}],"wp:attachment":[{"href":"https:\/\/www.ambienteyenergia.gob.ec\/ambiente\/wp-json\/wp\/v2\/media?parent=20751"}],"wp:term":[{"taxonomy":"category","embeddable":true,"href":"https:\/\/www.ambienteyenergia.gob.ec\/ambiente\/wp-json\/wp\/v2\/categories?post=20751"},{"taxonomy":"post_tag","embeddable":true,"href":"https:\/\/www.ambienteyenergia.gob.ec\/ambiente\/wp-json\/wp\/v2\/tags?post=20751"}],"curies":[{"name":"wp","href":"https:\/\/api.w.org\/{rel}","templated":true}]}}