{"id":20746,"date":"2014-06-09T17:00:26","date_gmt":"2014-06-09T22:00:26","guid":{"rendered":"http:\/\/www.ambiente.gob.ec\/?p=20746"},"modified":"2014-06-09T17:00:26","modified_gmt":"2014-06-09T22:00:26","slug":"mae-realizo-taller-para-la-revision-de-la-guia-de-consulta-o-negociacion-de-iniciativas-redd-en-ecuador","status":"publish","type":"post","link":"https:\/\/www.ambienteyenergia.gob.ec\/ambiente\/mae-realizo-taller-para-la-revision-de-la-guia-de-consulta-o-negociacion-de-iniciativas-redd-en-ecuador\/","title":{"rendered":"MAE realiz\u00f3 taller para la &#8216;Revisi\u00f3n de la Gu\u00eda de Consulta o Negociaci\u00f3n de iniciativas REDD+ en Ecuador&#8217;"},"content":{"rendered":"<p style=\"text-align: justify;\">El Ministerio del Ambiente (MAE), a trav\u00e9s de la Subsecretar\u00eda de Cambio Clim\u00e1tico con el apoyo t\u00e9cnico del Programa Nacional Conjunto ONU-REDD y la Oficina del Alto Comisionado\u00a0de Naciones Unidas para los Derechos Humanos (OACDH), realiz\u00f3 el tercer taller regional para la \u00abRevisi\u00f3n de la Gu\u00eda transitoria de Consulta o Negociaci\u00f3n de iniciativas REDD+ en Ecuador\u201d, el mismo que se llev\u00f3 a cabo los d\u00edas 3, 4 y 5 de junio de 2014 en la ciudad de Atacames.<\/p>\n<p style=\"text-align: justify;\">\n<p style=\"text-align: justify;\">Este taller tuvo como objetivos: 1) Obtener conocimientos sobre cambio clim\u00e1tico, bosques y REDD+; 2) Conocer y analizar la Gu\u00eda para la Consulta o Negociaci\u00f3n de iniciativas REDD+; y 3) Recibir recomendaciones a la Gu\u00eda para la Consulta con miras a contar con una Gu\u00eda adecuada a las realidades locales.<\/p>\n<p style=\"text-align: justify;\">\n<p style=\"text-align: justify;\">Uno de los aspectos centrales de esta serie de talleres fue alcanzar un mecanismo de\u00a0<i>alta calidad<\/i>\u00a0y contar con directrices nacionales que garanticen que REDD+ se implemente en un marco de respeto de derechos humanos de los pueblos y nacionalidades que viven y dependen de los bosques.<\/p>\n<p style=\"text-align: justify;\">\n<p style=\"text-align: justify;\">Es importante recordar que el pasado 12 de diciembre de 2013, el Ministerio del Ambiente emiti\u00f3 el Acuerdo Ministerial No. 128, el cual oficializ\u00f3 la\u00a0<i>Gu\u00eda sobre los requisitos y procedimientos para el proceso de Consulta o Negociaci\u00f3n, para la implementaci\u00f3n de actividades o proyectos REDD+ en tierras o territorios de comunidades, comunas, pueblos y nacionalidades ind\u00edgenas, montubias, afroecuatorianas y otros colectivos que dependen de los recursos de los bosques para su subsistencia.<\/i><\/p>\n<p style=\"text-align: justify;\">\n<p style=\"text-align: justify;\">Para mayor informaci\u00f3n puede comunicarse con:\u00a0\u00a0Mar\u00eda Del Carmen Garc\u00eda (<a href=\"mailto:mgarcia@ambiente.gob.ec\" target=\"_blank\">maria.garcia@ambiente.gob.ec<\/a><span style=\"text-decoration: underline;\">)<\/span>\u00a0o Bel\u00e9n Cordovez (<a href=\"mailto:mbcordovez@yahoo.com\" target=\"_blank\">mbcordovez@yahoo.com<\/a><span style=\"text-decoration: underline;\">)<\/span>.<\/p>\n<p style=\"text-align: justify;\">\n","protected":false},"excerpt":{"rendered":"<p class=\"excerpt\">El Ministerio del Ambiente (MAE), a trav\u00e9s de la Subsecretar\u00eda de Cambio Clim\u00e1tico con el apoyo t\u00e9cnico del Programa Nacional Conjunto ONU-REDD y la Oficina del Alto Comisionado\u00a0de Naciones Unidas para los Derechos Humanos (OACDH), realiz\u00f3 el tercer taller regional para la \u00abRevisi\u00f3n de la Gu\u00eda transitoria de Consulta o Negociaci\u00f3n de iniciativas REDD+ en Ecuador\u201d, el mismo que se&hellip; <a href=\"https:\/\/www.ambienteyenergia.gob.ec\/ambiente\/mae-realizo-taller-para-la-revision-de-la-guia-de-consulta-o-negociacion-de-iniciativas-redd-en-ecuador\/\">Read more &rarr;<\/a><\/p>\n","protected":false},"author":13,"featured_media":20747,"comment_status":"open","ping_status":"open","sticky":false,"template":"","format":"standard","meta":{"footnotes":""},"categories":[16,4],"tags":[],"class_list":["post-20746","post","type-post","status-publish","format-standard","has-post-thumbnail","hentry","category-comunicamos","category-noticias","xfolkentry"],"_links":{"self":[{"href":"https:\/\/www.ambienteyenergia.gob.ec\/ambiente\/wp-json\/wp\/v2\/posts\/20746","targetHints":{"allow":["GET"]}}],"collection":[{"href":"https:\/\/www.ambienteyenergia.gob.ec\/ambiente\/wp-json\/wp\/v2\/posts"}],"about":[{"href":"https:\/\/www.ambienteyenergia.gob.ec\/ambiente\/wp-json\/wp\/v2\/types\/post"}],"author":[{"embeddable":true,"href":"https:\/\/www.ambienteyenergia.gob.ec\/ambiente\/wp-json\/wp\/v2\/users\/13"}],"replies":[{"embeddable":true,"href":"https:\/\/www.ambienteyenergia.gob.ec\/ambiente\/wp-json\/wp\/v2\/comments?post=20746"}],"version-history":[{"count":0,"href":"https:\/\/www.ambienteyenergia.gob.ec\/ambiente\/wp-json\/wp\/v2\/posts\/20746\/revisions"}],"wp:featuredmedia":[{"embeddable":true,"href":"https:\/\/www.ambienteyenergia.gob.ec\/ambiente\/wp-json\/wp\/v2\/media\/20747"}],"wp:attachment":[{"href":"https:\/\/www.ambienteyenergia.gob.ec\/ambiente\/wp-json\/wp\/v2\/media?parent=20746"}],"wp:term":[{"taxonomy":"category","embeddable":true,"href":"https:\/\/www.ambienteyenergia.gob.ec\/ambiente\/wp-json\/wp\/v2\/categories?post=20746"},{"taxonomy":"post_tag","embeddable":true,"href":"https:\/\/www.ambienteyenergia.gob.ec\/ambiente\/wp-json\/wp\/v2\/tags?post=20746"}],"curies":[{"name":"wp","href":"https:\/\/api.w.org\/{rel}","templated":true}]}}