{"id":20742,"date":"2014-06-09T16:18:24","date_gmt":"2014-06-09T21:18:24","guid":{"rendered":"http:\/\/www.ambiente.gob.ec\/?p=20742"},"modified":"2014-06-09T17:00:34","modified_gmt":"2014-06-09T22:00:34","slug":"mae-remato-4431-m3-de-madera-decomisada-en-orellana","status":"publish","type":"post","link":"https:\/\/www.ambienteyenergia.gob.ec\/ambiente\/mae-remato-4431-m3-de-madera-decomisada-en-orellana\/","title":{"rendered":"MAE remat\u00f3 44,31 m\u00b3 de madera decomisada en Orellana"},"content":{"rendered":"<p style=\"text-align: justify;\">El pasado 04 de junio, el Ministerio del Ambiente (MAE), a trav\u00e9s de la Direcci\u00f3n Provincial de Orellana, remat\u00f3 44,31 m\u00b3\u00a0de madera ilegal, decomisada luego del debido proceso administrativo, en diversos operativos de control, efectuados en la provincia.<\/p>\n<p style=\"text-align: justify;\">El producto forestal, que se vendi\u00f3 en sujeci\u00f3n al Reglamento General de Bienes del Sector P\u00fablico, mediante concurso p\u00fablico de ofertas, en sobre cerrado, estaba conformado por tablones y piezas de las especies como colorado manzano, mascarey y mecha.<\/p>\n<p style=\"text-align: justify;\">El MAE, como principal organismo rector ambiental del pa\u00eds, realiza operativos de control forestal a nivel nacional. En Orellana, la Direcci\u00f3n Provincial trabaja de manera conjunta con guardaparques del Parque Nacional Yasun\u00ed, y miembros de la Polic\u00eda Nacional. El objetivo es reducir el impacto de la deforestaci\u00f3n, mediante los controles, para conservar y manejar los recursos naturales de forma sostenible y responsable.<\/p>\n","protected":false},"excerpt":{"rendered":"<p class=\"excerpt\">El pasado 04 de junio, el Ministerio del Ambiente (MAE), a trav\u00e9s de la Direcci\u00f3n Provincial de Orellana, remat\u00f3 44,31 m\u00b3\u00a0de madera ilegal, decomisada luego del debido proceso administrativo, en diversos operativos de control, efectuados en la provincia. El producto forestal, que se vendi\u00f3 en sujeci\u00f3n al Reglamento General de Bienes del Sector P\u00fablico, mediante concurso p\u00fablico de ofertas, en&hellip; <a href=\"https:\/\/www.ambienteyenergia.gob.ec\/ambiente\/mae-remato-4431-m3-de-madera-decomisada-en-orellana\/\">Read more &rarr;<\/a><\/p>\n","protected":false},"author":13,"featured_media":19936,"comment_status":"open","ping_status":"open","sticky":false,"template":"","format":"standard","meta":{"footnotes":""},"categories":[16,4],"tags":[],"class_list":["post-20742","post","type-post","status-publish","format-standard","has-post-thumbnail","hentry","category-comunicamos","category-noticias","xfolkentry"],"_links":{"self":[{"href":"https:\/\/www.ambienteyenergia.gob.ec\/ambiente\/wp-json\/wp\/v2\/posts\/20742","targetHints":{"allow":["GET"]}}],"collection":[{"href":"https:\/\/www.ambienteyenergia.gob.ec\/ambiente\/wp-json\/wp\/v2\/posts"}],"about":[{"href":"https:\/\/www.ambienteyenergia.gob.ec\/ambiente\/wp-json\/wp\/v2\/types\/post"}],"author":[{"embeddable":true,"href":"https:\/\/www.ambienteyenergia.gob.ec\/ambiente\/wp-json\/wp\/v2\/users\/13"}],"replies":[{"embeddable":true,"href":"https:\/\/www.ambienteyenergia.gob.ec\/ambiente\/wp-json\/wp\/v2\/comments?post=20742"}],"version-history":[{"count":0,"href":"https:\/\/www.ambienteyenergia.gob.ec\/ambiente\/wp-json\/wp\/v2\/posts\/20742\/revisions"}],"wp:featuredmedia":[{"embeddable":true,"href":"https:\/\/www.ambienteyenergia.gob.ec\/ambiente\/wp-json\/wp\/v2\/media\/19936"}],"wp:attachment":[{"href":"https:\/\/www.ambienteyenergia.gob.ec\/ambiente\/wp-json\/wp\/v2\/media?parent=20742"}],"wp:term":[{"taxonomy":"category","embeddable":true,"href":"https:\/\/www.ambienteyenergia.gob.ec\/ambiente\/wp-json\/wp\/v2\/categories?post=20742"},{"taxonomy":"post_tag","embeddable":true,"href":"https:\/\/www.ambienteyenergia.gob.ec\/ambiente\/wp-json\/wp\/v2\/tags?post=20742"}],"curies":[{"name":"wp","href":"https:\/\/api.w.org\/{rel}","templated":true}]}}