{"id":20739,"date":"2014-06-09T11:53:15","date_gmt":"2014-06-09T16:53:15","guid":{"rendered":"http:\/\/www.ambiente.gob.ec\/?p=20739"},"modified":"2014-06-09T11:53:15","modified_gmt":"2014-06-09T16:53:15","slug":"mae-realiza-limpieza-de-sus-areas-protegidas-en-la-provincia-del-napo","status":"publish","type":"post","link":"https:\/\/www.ambienteyenergia.gob.ec\/ambiente\/mae-realiza-limpieza-de-sus-areas-protegidas-en-la-provincia-del-napo\/","title":{"rendered":"MAE realiza limpieza de sus \u00e1reas protegidas en la provincia del Napo"},"content":{"rendered":"<p style=\"text-align: justify;\">En el marco de la conmemoraci\u00f3n del D\u00eda Mundial del Ambiente, el Ministerio del Ambiente, a trav\u00e9s de la Direcci\u00f3n Provincial del Ambiente de Napo, en un trabajo conjunto con el Gobierno Aut\u00f3nomo\u00a0 Descentralizada Parroquial Rural de Papallacta y guardaparques de la Reserva Ecol\u00f3gica Antisana (REA), Parque Nacional Cayambe Coca (PNCC) y\u00a0 Parque Nacional Sumaco Napo Gales, adem\u00e1s de personal del Centro de Interpretaci\u00f3n\u00a0 Ambiental Baeza, participaron en la recolecci\u00f3n de desechos s\u00f3lidos, alojados en cuencas de los r\u00edos de la zona y caminos de acceso.<\/p>\n<p>En una primera etapa de trabajo, funcionario del MAE procedieron con la limpieza de basura encontrada en la carretera troncal amaz\u00f3nica, en cunetas y fuentes de agua en ecosistema de p\u00e1ramo correspondiente a la provincia de Napo, en los sectores de la Virgen de Papallacta, Laguna Papallacta y la Y del poblado de Papallacta de la carretera troncal amaz\u00f3nica.<\/p>\n<p>Durante esta trabajo se logr\u00f3 recolectar alrededor de 200 fundas con un peso total aproximado de 12 000 libras de desechos, entre botellas, tarrinas, pl\u00e1sticos, envases de varias bebidas, entre otros.<\/p>\n<p>En la segunda fase de trabajo se logr\u00f3 recolectar 4 000 libras de basura en un total de 100 fundas que conten\u00edan botellas, tarrinas, pl\u00e1sticos, envases de varias bebidas, llantas entre otros.<\/p>\n<p>Esta actividad se la realiz\u00f3 en los sectores de la Virgen de Guacamayos, hasta la carretera Tena-Baeza conocido como los Cocodrilos, que comprende la zona de la\u00a0 Reserva Ecol\u00f3gica Antisana,\u00a0 y Parque Nacional Sumaco Napo Galeras, en el ecosistema de bosque nublado.<\/p>\n<p>Estas actividades est\u00e1n encaminadas a proteger el patrimonio natural de nuestro pa\u00eds, con el objetivo evitar la degradaci\u00f3n ambiental y modificaci\u00f3n ecosist\u00e9mica por la presencia de materiales contaminantes, de forma permanente a trav\u00e9s de esta Secretar\u00eda de Estado, con todo su contingente humano.<\/p>\n","protected":false},"excerpt":{"rendered":"<p class=\"excerpt\">En el marco de la conmemoraci\u00f3n del D\u00eda Mundial del Ambiente, el Ministerio del Ambiente, a trav\u00e9s de la Direcci\u00f3n Provincial del Ambiente de Napo, en un trabajo conjunto con el Gobierno Aut\u00f3nomo\u00a0 Descentralizada Parroquial Rural de Papallacta y guardaparques de la Reserva Ecol\u00f3gica Antisana (REA), Parque Nacional Cayambe Coca (PNCC) y\u00a0 Parque Nacional Sumaco Napo Gales, adem\u00e1s de personal&hellip; <a href=\"https:\/\/www.ambienteyenergia.gob.ec\/ambiente\/mae-realiza-limpieza-de-sus-areas-protegidas-en-la-provincia-del-napo\/\">Read more &rarr;<\/a><\/p>\n","protected":false},"author":13,"featured_media":20740,"comment_status":"open","ping_status":"open","sticky":false,"template":"","format":"standard","meta":{"footnotes":""},"categories":[16,4],"tags":[],"class_list":["post-20739","post","type-post","status-publish","format-standard","has-post-thumbnail","hentry","category-comunicamos","category-noticias","xfolkentry"],"_links":{"self":[{"href":"https:\/\/www.ambienteyenergia.gob.ec\/ambiente\/wp-json\/wp\/v2\/posts\/20739","targetHints":{"allow":["GET"]}}],"collection":[{"href":"https:\/\/www.ambienteyenergia.gob.ec\/ambiente\/wp-json\/wp\/v2\/posts"}],"about":[{"href":"https:\/\/www.ambienteyenergia.gob.ec\/ambiente\/wp-json\/wp\/v2\/types\/post"}],"author":[{"embeddable":true,"href":"https:\/\/www.ambienteyenergia.gob.ec\/ambiente\/wp-json\/wp\/v2\/users\/13"}],"replies":[{"embeddable":true,"href":"https:\/\/www.ambienteyenergia.gob.ec\/ambiente\/wp-json\/wp\/v2\/comments?post=20739"}],"version-history":[{"count":0,"href":"https:\/\/www.ambienteyenergia.gob.ec\/ambiente\/wp-json\/wp\/v2\/posts\/20739\/revisions"}],"wp:featuredmedia":[{"embeddable":true,"href":"https:\/\/www.ambienteyenergia.gob.ec\/ambiente\/wp-json\/wp\/v2\/media\/20740"}],"wp:attachment":[{"href":"https:\/\/www.ambienteyenergia.gob.ec\/ambiente\/wp-json\/wp\/v2\/media?parent=20739"}],"wp:term":[{"taxonomy":"category","embeddable":true,"href":"https:\/\/www.ambienteyenergia.gob.ec\/ambiente\/wp-json\/wp\/v2\/categories?post=20739"},{"taxonomy":"post_tag","embeddable":true,"href":"https:\/\/www.ambienteyenergia.gob.ec\/ambiente\/wp-json\/wp\/v2\/tags?post=20739"}],"curies":[{"name":"wp","href":"https:\/\/api.w.org\/{rel}","templated":true}]}}