{"id":20734,"date":"2014-06-09T11:16:06","date_gmt":"2014-06-09T16:16:06","guid":{"rendered":"http:\/\/www.ambiente.gob.ec\/?p=20734"},"modified":"2014-06-09T11:16:06","modified_gmt":"2014-06-09T16:16:06","slug":"taller-sobre-restauracion-forestal-para-beneficiarios-del-proyecto-socio-bosque","status":"publish","type":"post","link":"https:\/\/www.ambienteyenergia.gob.ec\/ambiente\/taller-sobre-restauracion-forestal-para-beneficiarios-del-proyecto-socio-bosque\/","title":{"rendered":"Taller sobre Restauraci\u00f3n Forestal para Beneficiarios del Proyecto Socio Bosque"},"content":{"rendered":"<p style=\"text-align: justify;\">El Ministerio del Ambiente del Ecuador (MAE), a trav\u00e9s de la Direcci\u00f3n Provincial del Ambiente de Imbabura, realiz\u00f3 el pasado viernes el Taller sobre Plan Nacional de Restauraci\u00f3n Forestal, con la participaci\u00f3n de 45 beneficiarios del Proyecto Socio Bosque, en el auditorio de la Universidad T\u00e9cnica del Norte (UTN).<\/p>\n<p style=\"text-align: justify;\">\nEn esta jornada de trabajo se puntualiz\u00f3 sobre temas de restauraci\u00f3n, ecosistema y paisaje natural, patrimonio natural que se ha deteriorado a causa de la deforestaci\u00f3n. Es por tal motivo, esta Cartera de Estado, socializ\u00f3 sobre las diferentes iniciativas que se llevan a cabo a nivel nacional, con el objetivo de contrarrestar la degradaci\u00f3n ambiental a causa de la tala indiscriminada de material forestal.<\/p>\n<p style=\"text-align: justify;\">\nEl MAE ha desarrollado el Programa de Incentivos Socio Bosque desde a\u00f1o 2008 y promueve la conservaci\u00f3n y recuperaci\u00f3n integral de bosques y p\u00e1ramos nativos en todo el pa\u00eds. Seg\u00fan estad\u00edsticas del Ministerio del Ambiente, en la actualidad esta iniciativa conserva cerca de 1 mill\u00f3n 197 mil hect\u00e1reas de bosques y beneficia a alrededor de 159 mil ciudadanos y ciudadanas.<\/p>\n<p style=\"text-align: justify;\">\nAl final del taller la mayor\u00eda de los asistentes se comprometieron en participar en el Plan Nacional de Restauraci\u00f3n Forestal con sus predios, y se acord\u00f3 realizar otra reuni\u00f3n con todos los interesados para finiquitar el ingreso al Plan.<\/p>\n","protected":false},"excerpt":{"rendered":"<p class=\"excerpt\">El Ministerio del Ambiente del Ecuador (MAE), a trav\u00e9s de la Direcci\u00f3n Provincial del Ambiente de Imbabura, realiz\u00f3 el pasado viernes el Taller sobre Plan Nacional de Restauraci\u00f3n Forestal, con la participaci\u00f3n de 45 beneficiarios del Proyecto Socio Bosque, en el auditorio de la Universidad T\u00e9cnica del Norte (UTN). En esta jornada de trabajo se puntualiz\u00f3 sobre temas de restauraci\u00f3n,&hellip; <a href=\"https:\/\/www.ambienteyenergia.gob.ec\/ambiente\/taller-sobre-restauracion-forestal-para-beneficiarios-del-proyecto-socio-bosque\/\">Read more &rarr;<\/a><\/p>\n","protected":false},"author":13,"featured_media":20735,"comment_status":"open","ping_status":"open","sticky":false,"template":"","format":"standard","meta":{"footnotes":""},"categories":[16,4],"tags":[],"class_list":["post-20734","post","type-post","status-publish","format-standard","has-post-thumbnail","hentry","category-comunicamos","category-noticias","xfolkentry"],"_links":{"self":[{"href":"https:\/\/www.ambienteyenergia.gob.ec\/ambiente\/wp-json\/wp\/v2\/posts\/20734","targetHints":{"allow":["GET"]}}],"collection":[{"href":"https:\/\/www.ambienteyenergia.gob.ec\/ambiente\/wp-json\/wp\/v2\/posts"}],"about":[{"href":"https:\/\/www.ambienteyenergia.gob.ec\/ambiente\/wp-json\/wp\/v2\/types\/post"}],"author":[{"embeddable":true,"href":"https:\/\/www.ambienteyenergia.gob.ec\/ambiente\/wp-json\/wp\/v2\/users\/13"}],"replies":[{"embeddable":true,"href":"https:\/\/www.ambienteyenergia.gob.ec\/ambiente\/wp-json\/wp\/v2\/comments?post=20734"}],"version-history":[{"count":0,"href":"https:\/\/www.ambienteyenergia.gob.ec\/ambiente\/wp-json\/wp\/v2\/posts\/20734\/revisions"}],"wp:featuredmedia":[{"embeddable":true,"href":"https:\/\/www.ambienteyenergia.gob.ec\/ambiente\/wp-json\/wp\/v2\/media\/20735"}],"wp:attachment":[{"href":"https:\/\/www.ambienteyenergia.gob.ec\/ambiente\/wp-json\/wp\/v2\/media?parent=20734"}],"wp:term":[{"taxonomy":"category","embeddable":true,"href":"https:\/\/www.ambienteyenergia.gob.ec\/ambiente\/wp-json\/wp\/v2\/categories?post=20734"},{"taxonomy":"post_tag","embeddable":true,"href":"https:\/\/www.ambienteyenergia.gob.ec\/ambiente\/wp-json\/wp\/v2\/tags?post=20734"}],"curies":[{"name":"wp","href":"https:\/\/api.w.org\/{rel}","templated":true}]}}