{"id":20728,"date":"2014-06-09T10:27:13","date_gmt":"2014-06-09T15:27:13","guid":{"rendered":"http:\/\/www.ambiente.gob.ec\/?p=20728"},"modified":"2014-06-09T11:32:08","modified_gmt":"2014-06-09T16:32:08","slug":"universitarios-conocieron-sobre-el-manejo-gestion-y-acciones-de-proteccion-y-conservacion-de-la-reserva-cotacachi-cayapas","status":"publish","type":"post","link":"https:\/\/www.ambienteyenergia.gob.ec\/ambiente\/universitarios-conocieron-sobre-el-manejo-gestion-y-acciones-de-proteccion-y-conservacion-de-la-reserva-cotacachi-cayapas\/","title":{"rendered":"Universitarios conocieron sobre el manejo, gesti\u00f3n y acciones de protecci\u00f3n y conservaci\u00f3n de la Reserva Cotacachi- Cayapas"},"content":{"rendered":"<p style=\"text-align: justify;\">El pasado viernes 06 de junio, estudiantes de las universidades T\u00e9cnica del Norte y San Francisco de Quito visitaron la Reserva Ecol\u00f3gica Cotacachi- Cayapas (RECC), donde funcionarios del Ministerio del Ambiente (MAE) expusieron sobre la importancia de esta \u00c1rea Protegida (AP), sus atractivos, bienes y servicios.<\/p>\n<p style=\"text-align: justify;\">En el centro de interpretaci\u00f3n, \u00a0t\u00e9cnicos de la RECC informaron a los universitarios sobre el manejo, gesti\u00f3n, y las estrategias de conservaci\u00f3n aplicadas en \u00e9sta y dem\u00e1s \u00c1reas Protegidas del pa\u00eds.<\/p>\n<p style=\"text-align: justify;\">Luego, los visitantes recorrieron la Laguna Cuicocha, y la denominada \u201cRuta Sagrada\u201d, infraestructura construida de acuerdo con las caracter\u00edsticas ambientales del sitio y el rescate de los saberes y tradiciones de los pueblos ancestrales.<\/p>\n<p style=\"text-align: justify;\">Con esta actividad, los estudiantes conocieron las acciones de protecci\u00f3n y conservaci\u00f3n que esta Cartera de Estado ejecuta en sus 50 \u00a0AP, a trav\u00e9s del Sistema Nacional de \u00c1reas Protegidas.<\/p>\n","protected":false},"excerpt":{"rendered":"<p class=\"excerpt\">El pasado viernes 06 de junio, estudiantes de las universidades T\u00e9cnica del Norte y San Francisco de Quito visitaron la Reserva Ecol\u00f3gica Cotacachi- Cayapas (RECC), donde funcionarios del Ministerio del Ambiente (MAE) expusieron sobre la importancia de esta \u00c1rea Protegida (AP), sus atractivos, bienes y servicios. En el centro de interpretaci\u00f3n, \u00a0t\u00e9cnicos de la RECC informaron a los universitarios sobre&hellip; <a href=\"https:\/\/www.ambienteyenergia.gob.ec\/ambiente\/universitarios-conocieron-sobre-el-manejo-gestion-y-acciones-de-proteccion-y-conservacion-de-la-reserva-cotacachi-cayapas\/\">Read more &rarr;<\/a><\/p>\n","protected":false},"author":13,"featured_media":20729,"comment_status":"open","ping_status":"open","sticky":false,"template":"","format":"standard","meta":{"footnotes":""},"categories":[16,4],"tags":[],"class_list":["post-20728","post","type-post","status-publish","format-standard","has-post-thumbnail","hentry","category-comunicamos","category-noticias","xfolkentry"],"_links":{"self":[{"href":"https:\/\/www.ambienteyenergia.gob.ec\/ambiente\/wp-json\/wp\/v2\/posts\/20728","targetHints":{"allow":["GET"]}}],"collection":[{"href":"https:\/\/www.ambienteyenergia.gob.ec\/ambiente\/wp-json\/wp\/v2\/posts"}],"about":[{"href":"https:\/\/www.ambienteyenergia.gob.ec\/ambiente\/wp-json\/wp\/v2\/types\/post"}],"author":[{"embeddable":true,"href":"https:\/\/www.ambienteyenergia.gob.ec\/ambiente\/wp-json\/wp\/v2\/users\/13"}],"replies":[{"embeddable":true,"href":"https:\/\/www.ambienteyenergia.gob.ec\/ambiente\/wp-json\/wp\/v2\/comments?post=20728"}],"version-history":[{"count":0,"href":"https:\/\/www.ambienteyenergia.gob.ec\/ambiente\/wp-json\/wp\/v2\/posts\/20728\/revisions"}],"wp:featuredmedia":[{"embeddable":true,"href":"https:\/\/www.ambienteyenergia.gob.ec\/ambiente\/wp-json\/wp\/v2\/media\/20729"}],"wp:attachment":[{"href":"https:\/\/www.ambienteyenergia.gob.ec\/ambiente\/wp-json\/wp\/v2\/media?parent=20728"}],"wp:term":[{"taxonomy":"category","embeddable":true,"href":"https:\/\/www.ambienteyenergia.gob.ec\/ambiente\/wp-json\/wp\/v2\/categories?post=20728"},{"taxonomy":"post_tag","embeddable":true,"href":"https:\/\/www.ambienteyenergia.gob.ec\/ambiente\/wp-json\/wp\/v2\/tags?post=20728"}],"curies":[{"name":"wp","href":"https:\/\/api.w.org\/{rel}","templated":true}]}}