{"id":20725,"date":"2014-06-09T10:24:01","date_gmt":"2014-06-09T15:24:01","guid":{"rendered":"http:\/\/www.ambiente.gob.ec\/?p=20725"},"modified":"2014-06-09T11:03:34","modified_gmt":"2014-06-09T16:03:34","slug":"mae-celebro-el-dia-del-ambiente-con-varias-actividades-en-napo","status":"publish","type":"post","link":"https:\/\/www.ambienteyenergia.gob.ec\/ambiente\/mae-celebro-el-dia-del-ambiente-con-varias-actividades-en-napo\/","title":{"rendered":"MAE celebr\u00f3 el D\u00eda del Ambiente con varias actividades en Napo"},"content":{"rendered":"<style type=\"text\/css\"><!--\nP { margin-bottom: 0.21cm; }\n--><\/style>\n<p style=\"text-align: justify;\">Con motivo de conmemorar el D\u00eda del Ambiente, en la ciudad del Chaco, Provincia de Napo, se realiz\u00f3 la III EcoFeria, este a\u00f1o con el eslogan \u201cAct\u00faa Verde\u201d.<\/p>\n<p style=\"text-align: justify;\">El Ministerio del Ambiente de Ecuador (MAE), a trav\u00e9s de la Direcci\u00f3n Provincial del Ambiente del Napo, con el objetivo de involucrar activamente a la poblaci\u00f3n en el desarrollo de un ambiente sano, sostenible y equitativo, en el marco del cambio actitudinal frente a los problemas ambientales y en soluciones que esta Cartera de Estado lleva a cabo, por medio de diferentes actividades como restauraci\u00f3n ambiental, consumo responsable y disposici\u00f3n final de residuos s\u00f3lidos, entre otras.<\/p>\n<p style=\"text-align: justify;\">Es por tal motivo que la Autoridad Ambiental del Napo present\u00f3, en el marco de la III EcoFeria varias iniciativas de producci\u00f3n org\u00e1nica, buenas pr\u00e1cticas agr\u00edcolas y pecuarias; as\u00ed como planes y programas gubernamentales de beneficio social y ambiental como la Exposici\u00f3n de artesan\u00eda de pobladores de Lago Agrio; Producci\u00f3n de Hongos Ostra; Producci\u00f3n de Naranjilla Org\u00e1nica, como parte de una iniciativa de la Comunidad de Wamani; Stand de la Empresa P\u00fablica COCASINCLAIR; Stand del Parque Nacional Cayambe Coca, con el tema sobre Conservaci\u00f3n del Agua y Recursos Naturales; adem\u00e1s de la promoci\u00f3n de actividades tur\u00edsticas por parte del grupo Pacto Sumaco.<\/p>\n<p style=\"text-align: justify;\">Adem\u00e1s, dentro de este espacio de socializaci\u00f3n, se realiz\u00f3 el lanzamiento oficial de la Campa\u00f1a \u201cPonte Pilas con las Pilas\u201d, como una iniciativa conjunta del MAE, COCASINCLAIR EP y GIZ, con el objetivo de motivar el reciclaje de bater\u00edas y pilas en las instituciones educativas de las provincias del Napo y de Sucumb\u00edos. Para tal efecto se realiz\u00f3 la entrega de recipientes recopilas con la finalidad de determinar al colegio que m\u00e1s pilas logre recolectar, el cual ganar\u00e1 un recorrido por las instalaciones del Proyecto Hidroel\u00e9ctrico Coca Codo Sinclair.<\/p>\n<p style=\"text-align: justify;\">Esta iniciativa trata de mitigar, en la mayor medida posible, el grado de contaminaci\u00f3n que constituye el dejar al aire libre, adem\u00e1s de su mala disposici\u00f3n final de estos elementos que contienen Mercurio, Plomo, Litio, Cadmio, N\u00edquel.<\/p>\n","protected":false},"excerpt":{"rendered":"<p class=\"excerpt\">Con motivo de conmemorar el D\u00eda del Ambiente, en la ciudad del Chaco, Provincia de Napo, se realiz\u00f3 la III EcoFeria, este a\u00f1o con el eslogan \u201cAct\u00faa Verde\u201d. El Ministerio del Ambiente de Ecuador (MAE), a trav\u00e9s de la Direcci\u00f3n Provincial del Ambiente del Napo, con el objetivo de involucrar activamente a la poblaci\u00f3n en el desarrollo de un ambiente&hellip; <a href=\"https:\/\/www.ambienteyenergia.gob.ec\/ambiente\/mae-celebro-el-dia-del-ambiente-con-varias-actividades-en-napo\/\">Read more &rarr;<\/a><\/p>\n","protected":false},"author":13,"featured_media":20726,"comment_status":"open","ping_status":"open","sticky":false,"template":"","format":"standard","meta":{"footnotes":""},"categories":[16,4],"tags":[],"class_list":["post-20725","post","type-post","status-publish","format-standard","has-post-thumbnail","hentry","category-comunicamos","category-noticias","xfolkentry"],"_links":{"self":[{"href":"https:\/\/www.ambienteyenergia.gob.ec\/ambiente\/wp-json\/wp\/v2\/posts\/20725","targetHints":{"allow":["GET"]}}],"collection":[{"href":"https:\/\/www.ambienteyenergia.gob.ec\/ambiente\/wp-json\/wp\/v2\/posts"}],"about":[{"href":"https:\/\/www.ambienteyenergia.gob.ec\/ambiente\/wp-json\/wp\/v2\/types\/post"}],"author":[{"embeddable":true,"href":"https:\/\/www.ambienteyenergia.gob.ec\/ambiente\/wp-json\/wp\/v2\/users\/13"}],"replies":[{"embeddable":true,"href":"https:\/\/www.ambienteyenergia.gob.ec\/ambiente\/wp-json\/wp\/v2\/comments?post=20725"}],"version-history":[{"count":0,"href":"https:\/\/www.ambienteyenergia.gob.ec\/ambiente\/wp-json\/wp\/v2\/posts\/20725\/revisions"}],"wp:featuredmedia":[{"embeddable":true,"href":"https:\/\/www.ambienteyenergia.gob.ec\/ambiente\/wp-json\/wp\/v2\/media\/20726"}],"wp:attachment":[{"href":"https:\/\/www.ambienteyenergia.gob.ec\/ambiente\/wp-json\/wp\/v2\/media?parent=20725"}],"wp:term":[{"taxonomy":"category","embeddable":true,"href":"https:\/\/www.ambienteyenergia.gob.ec\/ambiente\/wp-json\/wp\/v2\/categories?post=20725"},{"taxonomy":"post_tag","embeddable":true,"href":"https:\/\/www.ambienteyenergia.gob.ec\/ambiente\/wp-json\/wp\/v2\/tags?post=20725"}],"curies":[{"name":"wp","href":"https:\/\/api.w.org\/{rel}","templated":true}]}}