{"id":20720,"date":"2014-06-09T10:09:03","date_gmt":"2014-06-09T15:09:03","guid":{"rendered":"http:\/\/www.ambiente.gob.ec\/?p=20720"},"modified":"2014-06-09T10:20:08","modified_gmt":"2014-06-09T15:20:08","slug":"guardaparques-de-la-reserva-biologica-limoncocha-celebraron-el-dia-mundial-del-ambiente-con-estudiantes-de-la-parroquia-limoncocha","status":"publish","type":"post","link":"https:\/\/www.ambienteyenergia.gob.ec\/ambiente\/guardaparques-de-la-reserva-biologica-limoncocha-celebraron-el-dia-mundial-del-ambiente-con-estudiantes-de-la-parroquia-limoncocha\/","title":{"rendered":"Guardaparques de la Reserva Biol\u00f3gica Limoncocha celebraron  el D\u00eda Mundial del Ambiente con estudiantes de la parroquia Limoncocha"},"content":{"rendered":"<p style=\"text-align: justify;\">Del 03 al 04 de Junio, el Ministerio del Ambiente (MAE), a trav\u00e9s de los guardaparques de la Reserva Biol\u00f3gica Limoncocha, dict\u00f3 charlas sobre buenas pr\u00e1cticas ambientales a estudiantes de dos unidades educativas de la parroquia Limoncocha, cant\u00f3n Shushufindi, provincia de Sucumb\u00edos; con el objetivo de fomentar el cuidado de la naturaleza, en el marco de la conmemoraci\u00f3n del D\u00eda Mundial del Ambiente, celebrado el pasado jueves.<\/p>\n<p style=\"text-align: justify;\">El martes 03 de junio, los guardaparques expusieron y trabajaron diversas din\u00e1micas de concienciaci\u00f3n con los alumnos de noveno a\u00f1o de educaci\u00f3n b\u00e1sica. Entre los temas que se trataron se encuentran la destrucci\u00f3n de los bosques, el cambio clim\u00e1tico, y la importancia y las \u00a0consecuencias en el Ambiente.<\/p>\n<p style=\"text-align: justify;\">Al d\u00eda siguiente, la charla se realiz\u00f3 en la escuela Jacinto Rodr\u00edguez, con el grupo de 12 estudiantes de primero a sexto a\u00f1o de educaci\u00f3n b\u00e1sica. Como parte de las actividades efectuadas, se proyect\u00f3 un video referente al D\u00eda del Ambiente, cada ni\u00f1o recibi\u00f3 material para colorar, mismo que conten\u00eda ilustraciones sobre el buen uso de la basura, la reforestaci\u00f3n, y la conmemoraci\u00f3n del\u00a0 D\u00eda del Ambiente, entre otros.<\/p>\n","protected":false},"excerpt":{"rendered":"<p class=\"excerpt\">Del 03 al 04 de Junio, el Ministerio del Ambiente (MAE), a trav\u00e9s de los guardaparques de la Reserva Biol\u00f3gica Limoncocha, dict\u00f3 charlas sobre buenas pr\u00e1cticas ambientales a estudiantes de dos unidades educativas de la parroquia Limoncocha, cant\u00f3n Shushufindi, provincia de Sucumb\u00edos; con el objetivo de fomentar el cuidado de la naturaleza, en el marco de la conmemoraci\u00f3n del D\u00eda&hellip; <a href=\"https:\/\/www.ambienteyenergia.gob.ec\/ambiente\/guardaparques-de-la-reserva-biologica-limoncocha-celebraron-el-dia-mundial-del-ambiente-con-estudiantes-de-la-parroquia-limoncocha\/\">Read more &rarr;<\/a><\/p>\n","protected":false},"author":13,"featured_media":20721,"comment_status":"open","ping_status":"open","sticky":false,"template":"","format":"standard","meta":{"footnotes":""},"categories":[16,4],"tags":[],"class_list":["post-20720","post","type-post","status-publish","format-standard","has-post-thumbnail","hentry","category-comunicamos","category-noticias","xfolkentry"],"_links":{"self":[{"href":"https:\/\/www.ambienteyenergia.gob.ec\/ambiente\/wp-json\/wp\/v2\/posts\/20720","targetHints":{"allow":["GET"]}}],"collection":[{"href":"https:\/\/www.ambienteyenergia.gob.ec\/ambiente\/wp-json\/wp\/v2\/posts"}],"about":[{"href":"https:\/\/www.ambienteyenergia.gob.ec\/ambiente\/wp-json\/wp\/v2\/types\/post"}],"author":[{"embeddable":true,"href":"https:\/\/www.ambienteyenergia.gob.ec\/ambiente\/wp-json\/wp\/v2\/users\/13"}],"replies":[{"embeddable":true,"href":"https:\/\/www.ambienteyenergia.gob.ec\/ambiente\/wp-json\/wp\/v2\/comments?post=20720"}],"version-history":[{"count":0,"href":"https:\/\/www.ambienteyenergia.gob.ec\/ambiente\/wp-json\/wp\/v2\/posts\/20720\/revisions"}],"wp:featuredmedia":[{"embeddable":true,"href":"https:\/\/www.ambienteyenergia.gob.ec\/ambiente\/wp-json\/wp\/v2\/media\/20721"}],"wp:attachment":[{"href":"https:\/\/www.ambienteyenergia.gob.ec\/ambiente\/wp-json\/wp\/v2\/media?parent=20720"}],"wp:term":[{"taxonomy":"category","embeddable":true,"href":"https:\/\/www.ambienteyenergia.gob.ec\/ambiente\/wp-json\/wp\/v2\/categories?post=20720"},{"taxonomy":"post_tag","embeddable":true,"href":"https:\/\/www.ambienteyenergia.gob.ec\/ambiente\/wp-json\/wp\/v2\/tags?post=20720"}],"curies":[{"name":"wp","href":"https:\/\/api.w.org\/{rel}","templated":true}]}}