{"id":20704,"date":"2014-06-08T12:38:50","date_gmt":"2014-06-08T17:38:50","guid":{"rendered":"http:\/\/www.ambiente.gob.ec\/?p=20704"},"modified":"2014-06-08T19:33:02","modified_gmt":"2014-06-09T00:33:02","slug":"la-proteccion-de-los-oceanos-constituye-un-componente-fundamental-para-el-desarrollo-sostenible","status":"publish","type":"post","link":"https:\/\/www.ambienteyenergia.gob.ec\/ambiente\/la-proteccion-de-los-oceanos-constituye-un-componente-fundamental-para-el-desarrollo-sostenible\/","title":{"rendered":"La protecci\u00f3n de los oc\u00e9anos constituye un componente fundamental para el desarrollo sostenible"},"content":{"rendered":"<p style=\"text-align: justify;\">Los oc\u00e9anos ocupan aproximadamente las dos terceras partes de la superficie de la Tierra, son ecosistemas que albergan a miles de especies y tambi\u00e9n proveen al ser humano de bienes y servicios. Por esta raz\u00f3n, la Organizaci\u00f3n de las Naciones Unidas declar\u00f3 al 8 de junio como el D\u00eda Mundial de los Oc\u00e9anos, con el prop\u00f3sito de generar conciencia en las personas sobre la importancia de cuidar los mares, pues estos constituyen un componente fundamental para el desarrollo sostenible de la humanidad.<\/p>\n<p style=\"text-align: justify;\">En ese sentido, el Ministerio del Ambiente (MAE) trabaja desde diferentes frentes para la protecci\u00f3n de los mares, y en general, de todos los recursos h\u00eddricos del pa\u00eds, para que actividades como pesquer\u00edas, transporte mar\u00edtimo y turismo se realicen de una forma sostenible y amigable con el ambiente, salvaguardando este fr\u00e1gil entorno natural.<\/p>\n<p style=\"text-align: justify;\">Pero para que estas actividades se sigan desarrollando adecuadamente, de una manera arm\u00f3nica con la naturaleza, esta Cartera Estado a trav\u00e9s de la Subsecretar\u00eda de Gesti\u00f3n Marina y Costera (SGMC) implementa y vigila la aplicaci\u00f3n de normas de protecci\u00f3n y el cuidado especial de \u00e1reas marinas y costeras. Ecuador cuenta, actualmente, con 18 \u00e1reas protegidas marinas y costeras (16 continentales y 2 insulares).<\/p>\n<p style=\"text-align: justify;\">Si bien, la basura es uno de los conflictos que, sin duda, afecta a las playas ecuatorianas sobre todo en fechas vacacionales y feriados nacionales por la gran afluencia de gente, la Autoridad Ambiental ha promovido desde hace varios a\u00f1os la limpieza de playas, en la cual en coordinaci\u00f3n con estudiantes, militares, operadores tur\u00edsticos, comerciantes y pobladores en general, ejecuta mingas y jornadas de limpieza que permiten retirar los desperdicios y evitar que lleguen al mar.<\/p>\n<p style=\"text-align: justify;\">Asimismo, el MAE realiza continuamente campa\u00f1as de educaci\u00f3n ambiental con la poblaci\u00f3n local del perfil costanero, con turistas y con la ciudadan\u00eda, principalmente en temas como la correcta disposici\u00f3n de residuos s\u00f3lidos. Para ello, se ha dotado de tachos de basura, evitando que la gente arroje desperdicios al mar, lo contamine y ocasione la muerte de las especies que viven en el h\u00e1bitat marino.<\/p>\n<p style=\"text-align: justify;\">El Ministerio del Ambiente en esta fecha insta a la poblaci\u00f3n ecuatoriana al cuidado y la protecci\u00f3n de los mares con el fin de disminuir los problemas ambientales que los afectan como la contaminaci\u00f3n y la extracci\u00f3n excesiva de sus recursos.<\/p>\n<p style=\"text-align: justify;\"><strong>!!Recuerda que la conservaci\u00f3n y el manejo responsable de los mares es tarea de todos\u203c<\/strong><\/p>\n","protected":false},"excerpt":{"rendered":"<p class=\"excerpt\">Los oc\u00e9anos ocupan aproximadamente las dos terceras partes de la superficie de la Tierra, son ecosistemas que albergan a miles de especies y tambi\u00e9n proveen al ser humano de bienes y servicios. Por esta raz\u00f3n, la Organizaci\u00f3n de las Naciones Unidas declar\u00f3 al 8 de junio como el D\u00eda Mundial de los Oc\u00e9anos, con el prop\u00f3sito de generar conciencia en&hellip; <a href=\"https:\/\/www.ambienteyenergia.gob.ec\/ambiente\/la-proteccion-de-los-oceanos-constituye-un-componente-fundamental-para-el-desarrollo-sostenible\/\">Read more &rarr;<\/a><\/p>\n","protected":false},"author":13,"featured_media":19830,"comment_status":"open","ping_status":"open","sticky":false,"template":"","format":"standard","meta":{"footnotes":""},"categories":[16,4],"tags":[513,108,53],"class_list":["post-20704","post","type-post","status-publish","format-standard","has-post-thumbnail","hentry","category-comunicamos","category-noticias","tag-dia-mundial-de-los-oceanos","tag-lorena-tapia","tag-mae","xfolkentry"],"_links":{"self":[{"href":"https:\/\/www.ambienteyenergia.gob.ec\/ambiente\/wp-json\/wp\/v2\/posts\/20704","targetHints":{"allow":["GET"]}}],"collection":[{"href":"https:\/\/www.ambienteyenergia.gob.ec\/ambiente\/wp-json\/wp\/v2\/posts"}],"about":[{"href":"https:\/\/www.ambienteyenergia.gob.ec\/ambiente\/wp-json\/wp\/v2\/types\/post"}],"author":[{"embeddable":true,"href":"https:\/\/www.ambienteyenergia.gob.ec\/ambiente\/wp-json\/wp\/v2\/users\/13"}],"replies":[{"embeddable":true,"href":"https:\/\/www.ambienteyenergia.gob.ec\/ambiente\/wp-json\/wp\/v2\/comments?post=20704"}],"version-history":[{"count":0,"href":"https:\/\/www.ambienteyenergia.gob.ec\/ambiente\/wp-json\/wp\/v2\/posts\/20704\/revisions"}],"wp:featuredmedia":[{"embeddable":true,"href":"https:\/\/www.ambienteyenergia.gob.ec\/ambiente\/wp-json\/wp\/v2\/media\/19830"}],"wp:attachment":[{"href":"https:\/\/www.ambienteyenergia.gob.ec\/ambiente\/wp-json\/wp\/v2\/media?parent=20704"}],"wp:term":[{"taxonomy":"category","embeddable":true,"href":"https:\/\/www.ambienteyenergia.gob.ec\/ambiente\/wp-json\/wp\/v2\/categories?post=20704"},{"taxonomy":"post_tag","embeddable":true,"href":"https:\/\/www.ambienteyenergia.gob.ec\/ambiente\/wp-json\/wp\/v2\/tags?post=20704"}],"curies":[{"name":"wp","href":"https:\/\/api.w.org\/{rel}","templated":true}]}}