{"id":20700,"date":"2014-06-08T01:24:23","date_gmt":"2014-06-08T06:24:23","guid":{"rendered":"http:\/\/www.ambiente.gob.ec\/?p=20700"},"modified":"2014-06-09T08:47:13","modified_gmt":"2014-06-09T13:47:13","slug":"ministra-del-ambiente-lorena-tapia-participo-en-el-gabinete-itinerante-realizado-en-napo","status":"publish","type":"post","link":"https:\/\/www.ambienteyenergia.gob.ec\/ambiente\/ministra-del-ambiente-lorena-tapia-participo-en-el-gabinete-itinerante-realizado-en-napo\/","title":{"rendered":"Ministra del Ambiente, Lorena Tapia, particip\u00f3 en el Gabinete Itinerante realizado en Napo"},"content":{"rendered":"<p style=\"text-align: justify;\">Hoy, en el marco de la Vig\u00e9sima Tercera Sesi\u00f3n del Gabinete Itinerante realizado en el cant\u00f3n Carlos Julio Arosemena Tola, provincia del Napo, el Ministerio del Ambiente del Ecuador (MAE), representado por la ministra Lorena Tapia N\u00fa\u00f1ez particip\u00f3 en las actividades que se realizaron durante esta jornada que inici\u00f3 ayer con el Gabinete Itinerante y la Noche Cultural; y hoy finaliz\u00f3 con una reuni\u00f3n con alcaldes locales, Feria Ciudadana, Mesa Sectorial y Enlace Ciudadano.<\/p>\n<p style=\"text-align: justify;\">Napo, guarda una inmensa diversidad de flora y fauna, y sus ecosistemas brindan importantes servicios ambientales para la provincia del Napo, principalmente relacionadas con la provisi\u00f3n de agua. Su topograf\u00eda muy irregular ha permitido que se haya mantenido a trav\u00e9s del tiempo y se encuentre en buen estado de conservaci\u00f3n. Su gran biodiversidad y singulares paisajes poseen un gran potencial tur\u00edstico.<\/p>\n<p style=\"text-align: justify;\"><strong>Gabinete Itinerante<\/strong><\/p>\n<p style=\"text-align: justify;\">La reuni\u00f3n de autoridades, presidida por el Presidente de la Rep\u00fablica, Rafael Correa, se desarroll\u00f3 el d\u00eda de ayer, desde las 11:30, en el Colegio Carlos Julio Arosemena donde la ministra Tapia expuso puntos importantes en los que el MAE, como autoridad ambiental nacional tiene competencia.<\/p>\n<p style=\"text-align: justify;\">Los programas m\u00e1s importantes en los que el MAE tiene participaci\u00f3n en Napo<\/p>\n<p style=\"text-align: justify;\">\u2022 El Programa Nacional para la Gesti\u00f3n Integral de Desechos S\u00f3lidos (PNGDS) tiene una inversi\u00f3n de USD\u00a0348 823,60.<\/p>\n<p style=\"text-align: justify;\">De los cinco cantones de la provincia de Napo, 3 GAD\u00b4s (El Chaco, Quijos y Carlos Julio Arosemena Tola) cuentan con la Licencia Ambiental para la construcci\u00f3n y operaci\u00f3n de los rellenos sanitarios para su respectiva gesti\u00f3n de residuos s\u00f3lidos; 1 GAD (Carlos Julio Arosemena Tola) cuenta con celda emergente; y, 4 GAD\u00b4s poseen botaderos a cielo abierto.<\/p>\n<p style=\"text-align: justify;\">El PNGIDS, en la actualidad se encuentra financiando y dando el seguimiento a la implementaci\u00f3n correspondiente a los \u201cEstudios de Gesti\u00f3n Integral de Residuos S\u00f3lidos del GADM-Tena. Este cant\u00f3n se encuentra dentro del primer grupo de priorizados de la Provincia del Napo.<\/p>\n<p style=\"text-align: justify;\">\u2022 Patrimonio Natural y Biodiversidad<\/p>\n<p style=\"text-align: justify;\">La provincia de Napo tiene en su territorio tres \u00e1reas protegidas de gran importancia:<\/p>\n<p style=\"text-align: justify;\">o Parque Nacional Sumaco Galeras: Su extensi\u00f3n es de 205 249 hect\u00e1reas, ubicado en las provincias de Napo y Orellana, a un costado de la cordillera Oriental de los Andes, en la zona norte de la Amazon\u00eda, existe una cadena monta\u00f1osa antigua y relativamente aislada del resto de nevados, rodeada de quebradas y profundos ca\u00f1ones. Se trata de las laderas y cerros que rodean al Sumaco, el \u00fanico volc\u00e1n que se encuentra totalmente en territorio amaz\u00f3nico. Aqu\u00ed se originan muchos riachuelos que aguas abajo forman los r\u00edos Holl\u00edn, Suno, Payamino y Pucuno, afluentes todos del r\u00edo Quijos o Coca. Como complemento se encuentra un peque\u00f1o ramal ubicado al sur del volc\u00e1n Sumaco, la cordillera Napo Galeras, de all\u00ed el nombre de esta \u00e1rea protegida.<\/p>\n<p style=\"text-align: justify;\">o Reserva Ecol\u00f3gica Antisana: La actividad volc\u00e1nica, el paso y retroceso de los glaciares y la evoluci\u00f3n han creado en su territorio paisajes impresionantes y una vida silvestre muy diversa en las 120 000 hect\u00e1reas de esta Reserva ubicada en las provincias de Napo y Pichincha. Como espejo del volc\u00e1n Antisana est\u00e1 la laguna de la Mica, de donde viene parte del agua de la ciudad de Quito. Aparte de la laguna, hay zonas pantanosas donde el agua se anega en \u00e9poca lluviosa, formando lagunas estacionales como la Santa Luc\u00eda o la Mauca Machay. En la reserva nacen los r\u00edos que luego se deslizan por las laderas orientales y van a alimentar los r\u00edos Coca y Napo; en el valle del Tambo hay aguas termales.<\/p>\n<p style=\"text-align: justify;\">o Reserva Biol\u00f3gica Colonso Chalupas: La reciente declaratoria de Reserva Biol\u00f3gica tiene como principal objetivo asegurar la protecci\u00f3n de los ecosistemas naturales, y la fijaci\u00f3n y almacenamiento de CO\u2082 de la reserva. Con 93 246 hect\u00e1reas esta reserva se ubica en los cantones de Archidona y Tena, entre la Reserva Ecol\u00f3gica Antisana y el Parque Nacional Llanganates, y de esta manera conforma un corredor natural en la zona alta de la cuenca amaz\u00f3nica. Esta reserva protege la cuenca de los r\u00edos Colonso, Tena, Shiti e Inchillaqui, y alberga ecosistemas que van desde las tierras bajas amaz\u00f3nicas hasta zonas de p\u00e1ramo en la partes m\u00e1s altas.<\/p>\n<p style=\"text-align: justify;\">\u2022 Restauraci\u00f3n Forestal<\/p>\n<p style=\"text-align: justify;\">El MAE tiene como objetivo la restauraci\u00f3n forestal a nivel nacional con el fin de conservar y proteger las fuentes h\u00eddricas mediante la participaci\u00f3n de la comunidad para as\u00ed mitigar los altos \u00edndices de deforestaci\u00f3n en el pa\u00eds.<\/p>\n<p style=\"text-align: justify;\">La Direcci\u00f3n Provincial de Napo en cooperaci\u00f3n con el Programa Nacional Conjunto ONU REDD+, ejecutaron el proyecto \u201cFortalecimiento de capacidades comunitarias en restauraci\u00f3n de \u00e1reas degradadas con especies nativas en 7 parroquias de la provincia de Napo\u201d. El proyecto inici\u00f3 en septiembre del 2013 y finaliza este mes de Junio, reforestando 165 hect\u00e1reas, utilizando 46 438 plantas nativas, en 37 predios o beneficiarios, en los cantones Carlos Julio Arosemena Tola, Archidona, Quijos y Tena.<\/p>\n<p style=\"text-align: justify;\">Una vez finalizado el Gabinete, la Ministra Tapia, junto con las dem\u00e1s autoridades de Gobierno, asistieron a la llamada Noche Cultural en el Coliseo Coliseo Abierto, Escuela 27 de Febrero, ubicado en el mismo cant\u00f3n donde compartieron un momento ameno con los ciudadanos.<\/p>\n<p style=\"text-align: justify;\"><strong>Mesa Sectorial y Enlace Ciudadano<\/strong><\/p>\n<p style=\"text-align: justify;\">Delegada por la ministra Tapia, la viceministra de ambiente Lorena S\u00e1nchez, particip\u00f3 en las mesas sectoriales que se ubicaron en la Colegio Carlos Julio Arosemena Tola donde las autoridades de todas las instituciones p\u00fablicas atendieron a la comunidad de Carlos Arosemena Tola y sus alrededores. En este espacio, al igual que la Feria ciudadana permite a los ciudadanos conocer los programas y proyectos que el MAE maneja en pro de un ambiente saludable.<\/p>\n<p style=\"text-align: justify;\">Al mismo tiempo, se realiz\u00f3 el Enlace Ciudadano #376 en la Explanada del Municipio Carlos Julio Arosemena donde el Primer Mandatario mencion\u00f3 la importancia de la apertura del puente peatonal y la ciclov\u00eda que une a Guayaquil con la Isla Santay que permitir\u00e1 a los guayaquile\u00f1os disfrutar de este lugar.<\/p>\n<p>&nbsp;<\/p>\n","protected":false},"excerpt":{"rendered":"<p class=\"excerpt\">Hoy, en el marco de la Vig\u00e9sima Tercera Sesi\u00f3n del Gabinete Itinerante realizado en el cant\u00f3n Carlos Julio Arosemena Tola, provincia del Napo, el Ministerio del Ambiente del Ecuador (MAE), representado por la ministra Lorena Tapia N\u00fa\u00f1ez particip\u00f3 en las actividades que se realizaron durante esta jornada que inici\u00f3 ayer con el Gabinete Itinerante y la Noche Cultural; y hoy&hellip; <a href=\"https:\/\/www.ambienteyenergia.gob.ec\/ambiente\/ministra-del-ambiente-lorena-tapia-participo-en-el-gabinete-itinerante-realizado-en-napo\/\">Read more &rarr;<\/a><\/p>\n","protected":false},"author":13,"featured_media":20701,"comment_status":"open","ping_status":"open","sticky":false,"template":"","format":"standard","meta":{"footnotes":""},"categories":[4],"tags":[387,70],"class_list":["post-20700","post","type-post","status-publish","format-standard","has-post-thumbnail","hentry","category-noticias","tag-mae-lorena-tapia","tag-napo","xfolkentry"],"_links":{"self":[{"href":"https:\/\/www.ambienteyenergia.gob.ec\/ambiente\/wp-json\/wp\/v2\/posts\/20700","targetHints":{"allow":["GET"]}}],"collection":[{"href":"https:\/\/www.ambienteyenergia.gob.ec\/ambiente\/wp-json\/wp\/v2\/posts"}],"about":[{"href":"https:\/\/www.ambienteyenergia.gob.ec\/ambiente\/wp-json\/wp\/v2\/types\/post"}],"author":[{"embeddable":true,"href":"https:\/\/www.ambienteyenergia.gob.ec\/ambiente\/wp-json\/wp\/v2\/users\/13"}],"replies":[{"embeddable":true,"href":"https:\/\/www.ambienteyenergia.gob.ec\/ambiente\/wp-json\/wp\/v2\/comments?post=20700"}],"version-history":[{"count":0,"href":"https:\/\/www.ambienteyenergia.gob.ec\/ambiente\/wp-json\/wp\/v2\/posts\/20700\/revisions"}],"wp:featuredmedia":[{"embeddable":true,"href":"https:\/\/www.ambienteyenergia.gob.ec\/ambiente\/wp-json\/wp\/v2\/media\/20701"}],"wp:attachment":[{"href":"https:\/\/www.ambienteyenergia.gob.ec\/ambiente\/wp-json\/wp\/v2\/media?parent=20700"}],"wp:term":[{"taxonomy":"category","embeddable":true,"href":"https:\/\/www.ambienteyenergia.gob.ec\/ambiente\/wp-json\/wp\/v2\/categories?post=20700"},{"taxonomy":"post_tag","embeddable":true,"href":"https:\/\/www.ambienteyenergia.gob.ec\/ambiente\/wp-json\/wp\/v2\/tags?post=20700"}],"curies":[{"name":"wp","href":"https:\/\/api.w.org\/{rel}","templated":true}]}}