{"id":20694,"date":"2014-06-06T20:02:27","date_gmt":"2014-06-07T01:02:27","guid":{"rendered":"http:\/\/www.ambiente.gob.ec\/?p=20694"},"modified":"2014-06-09T08:39:51","modified_gmt":"2014-06-09T13:39:51","slug":"mae-dono-47-8-metros-de-producto-forestal-a-centro-de-rehabilitacion-social-en-esmeraldas","status":"publish","type":"post","link":"https:\/\/www.ambienteyenergia.gob.ec\/ambiente\/mae-dono-47-8-metros-de-producto-forestal-a-centro-de-rehabilitacion-social-en-esmeraldas\/","title":{"rendered":"MAE don\u00f3 47,8 metros de producto forestal a Centro de Rehabilitaci\u00f3n Social en Esmeraldas"},"content":{"rendered":"<p style=\"text-align: justify;\">El Ministerio del Ambiente (MAE), a trav\u00e9s de la Direcci\u00f3n Provincial de Esmeraldas, como ente rector del manejo adecuado de los recursos forestales del pa\u00eds realiza permanentes operativos de control de los cuales se efect\u00faan retenciones de madera transportada ilegalmente y que posterior al respectivo proceso administrativo es decomisada.<\/p>\n<p style=\"text-align: justify;\">El Centro de Rehabilitaci\u00f3n Social de Varones de Esmeraldas (CRSV) realiz\u00f3 la respectiva solicitud de donaci\u00f3n de madera decomisada y una vez cumplidos los requisitos se procedi\u00f3 a donar 47,81 metros de producto forestal que permitir\u00e1 que las personas privadas de libertad contin\u00faen su proceso de rehabilitaci\u00f3n con trabajos de ebanister\u00eda.<\/p>\n<p style=\"text-align: justify;\">Este proceso qued\u00f3 plasmado en las actas de entrega-recepci\u00f3n suscritas por la Directora Provincial del MAE, Lic. Narcisa C\u00e1rdenas y el Director Provincial del CRSV, Abg. Rocky Bucheli M., quien manifest\u00f3 su agradecimiento hacia esta Cartera de Estado, en especial a la ministra Lorena Tapia por el apoyo recibido siendo una gran motivaci\u00f3n para las personas privadas de libertad.<\/p>\n<p style=\"text-align: justify;\">Es necesario mencionar que el MAE a trav\u00e9s de su Direcci\u00f3n Provincial en Esmeraldas ha donando producto forestal decomisado ilegal desde el 2012 obteniendo resultados favorables en beneficio de la ciudadan\u00eda en general.<\/p>\n","protected":false},"excerpt":{"rendered":"<p class=\"excerpt\">El Ministerio del Ambiente (MAE), a trav\u00e9s de la Direcci\u00f3n Provincial de Esmeraldas, como ente rector del manejo adecuado de los recursos forestales del pa\u00eds realiza permanentes operativos de control de los cuales se efect\u00faan retenciones de madera transportada ilegalmente y que posterior al respectivo proceso administrativo es decomisada. El Centro de Rehabilitaci\u00f3n Social de Varones de Esmeraldas (CRSV) realiz\u00f3&hellip; <a href=\"https:\/\/www.ambienteyenergia.gob.ec\/ambiente\/mae-dono-47-8-metros-de-producto-forestal-a-centro-de-rehabilitacion-social-en-esmeraldas\/\">Read more &rarr;<\/a><\/p>\n","protected":false},"author":13,"featured_media":20698,"comment_status":"open","ping_status":"open","sticky":false,"template":"","format":"standard","meta":{"footnotes":""},"categories":[4],"tags":[],"class_list":["post-20694","post","type-post","status-publish","format-standard","has-post-thumbnail","hentry","category-noticias","xfolkentry"],"_links":{"self":[{"href":"https:\/\/www.ambienteyenergia.gob.ec\/ambiente\/wp-json\/wp\/v2\/posts\/20694","targetHints":{"allow":["GET"]}}],"collection":[{"href":"https:\/\/www.ambienteyenergia.gob.ec\/ambiente\/wp-json\/wp\/v2\/posts"}],"about":[{"href":"https:\/\/www.ambienteyenergia.gob.ec\/ambiente\/wp-json\/wp\/v2\/types\/post"}],"author":[{"embeddable":true,"href":"https:\/\/www.ambienteyenergia.gob.ec\/ambiente\/wp-json\/wp\/v2\/users\/13"}],"replies":[{"embeddable":true,"href":"https:\/\/www.ambienteyenergia.gob.ec\/ambiente\/wp-json\/wp\/v2\/comments?post=20694"}],"version-history":[{"count":0,"href":"https:\/\/www.ambienteyenergia.gob.ec\/ambiente\/wp-json\/wp\/v2\/posts\/20694\/revisions"}],"wp:featuredmedia":[{"embeddable":true,"href":"https:\/\/www.ambienteyenergia.gob.ec\/ambiente\/wp-json\/wp\/v2\/media\/20698"}],"wp:attachment":[{"href":"https:\/\/www.ambienteyenergia.gob.ec\/ambiente\/wp-json\/wp\/v2\/media?parent=20694"}],"wp:term":[{"taxonomy":"category","embeddable":true,"href":"https:\/\/www.ambienteyenergia.gob.ec\/ambiente\/wp-json\/wp\/v2\/categories?post=20694"},{"taxonomy":"post_tag","embeddable":true,"href":"https:\/\/www.ambienteyenergia.gob.ec\/ambiente\/wp-json\/wp\/v2\/tags?post=20694"}],"curies":[{"name":"wp","href":"https:\/\/api.w.org\/{rel}","templated":true}]}}