{"id":20689,"date":"2014-06-06T15:33:12","date_gmt":"2014-06-06T20:33:12","guid":{"rendered":"http:\/\/www.ambiente.gob.ec\/?p=20689"},"modified":"2014-06-06T15:33:12","modified_gmt":"2014-06-06T20:33:12","slug":"alrededor-de-900-personas-participaron-en-un-desfile-por-el-dia-mundial-del-ambiente","status":"publish","type":"post","link":"https:\/\/www.ambienteyenergia.gob.ec\/ambiente\/alrededor-de-900-personas-participaron-en-un-desfile-por-el-dia-mundial-del-ambiente\/","title":{"rendered":"Alrededor de 900 personas participaron en un desfile por el D\u00eda Mundial del Ambiente"},"content":{"rendered":"<p style=\"text-align: justify;\">El D\u00eda Mundial del Ambiente es una fecha representativa en el calendario ambiental, pues es una oportunidad para reflexionar y concienciar sobre la importancia de proteger y conservar los recursos naturales y los ecosistemas en los que habitan un sin n\u00famero de especies.<\/p>\n<p style=\"text-align: justify;\">En ese sentido, el Ministerio del Ambiente (MAE), a trav\u00e9s de la Direcci\u00f3n Provincial de Azuay, realiz\u00f3 un desfile por la calle Bol\u00edvar en la ciudad de Cuenca, para celebrar esta fecha a la que asistieron alrededor de 900 personas.<\/p>\n<p style=\"text-align: justify;\">En el evento se observaron danzas estudiantiles y pancartas que hac\u00edan un llamado al cuidado del ambiente. Como parte del programa, la Banda de M\u00fasica de la Polic\u00eda Nacional abri\u00f3 el desfile\u00a0hasta la Gobernaci\u00f3n del Azuay.<\/p>\n<p style=\"text-align: justify;\">Juan Carlos Valencia, Director Provincial del Ambiente de Azuay, en su intervenci\u00f3n expres\u00f3 su agradecimiento a las instituciones y p\u00fablico en general por su compromiso en el cuidado el ambiente. \u00abAl preservar el ambiente y al comprometernos con el respeto a la naturaleza, aseguramos el futuro de las generaciones venideras\u00bb, afirm\u00f3.<\/p>\n<p style=\"text-align: justify;\">Luego de la caminada ambiental, se efectu\u00f3 una casa abierta en la que se trataron temas como buenas pr\u00e1cticas ambientales, y c\u00f3mo vivir en armon\u00eda con la naturaleza. Varias instituciones participaron tambi\u00e9n con stands en los que se exhibieron algunos art\u00edculos realizados con material reciclado.<\/p>\n<p style=\"text-align: justify;\">La ciudadan\u00eda agradeci\u00f3 esta iniciativa del MAE y se comprometieron a apoyar el trabajo de esta Cartera de Estado respecto al cuidado del planeta, promoviendo un ambiente sano y equilibrado para todos.<\/p>\n","protected":false},"excerpt":{"rendered":"<p class=\"excerpt\">El D\u00eda Mundial del Ambiente es una fecha representativa en el calendario ambiental, pues es una oportunidad para reflexionar y concienciar sobre la importancia de proteger y conservar los recursos naturales y los ecosistemas en los que habitan un sin n\u00famero de especies. En ese sentido, el Ministerio del Ambiente (MAE), a trav\u00e9s de la Direcci\u00f3n Provincial de Azuay, realiz\u00f3&hellip; <a href=\"https:\/\/www.ambienteyenergia.gob.ec\/ambiente\/alrededor-de-900-personas-participaron-en-un-desfile-por-el-dia-mundial-del-ambiente\/\">Read more &rarr;<\/a><\/p>\n","protected":false},"author":13,"featured_media":20690,"comment_status":"open","ping_status":"open","sticky":false,"template":"","format":"standard","meta":{"footnotes":""},"categories":[16,4],"tags":[],"class_list":["post-20689","post","type-post","status-publish","format-standard","has-post-thumbnail","hentry","category-comunicamos","category-noticias","xfolkentry"],"_links":{"self":[{"href":"https:\/\/www.ambienteyenergia.gob.ec\/ambiente\/wp-json\/wp\/v2\/posts\/20689","targetHints":{"allow":["GET"]}}],"collection":[{"href":"https:\/\/www.ambienteyenergia.gob.ec\/ambiente\/wp-json\/wp\/v2\/posts"}],"about":[{"href":"https:\/\/www.ambienteyenergia.gob.ec\/ambiente\/wp-json\/wp\/v2\/types\/post"}],"author":[{"embeddable":true,"href":"https:\/\/www.ambienteyenergia.gob.ec\/ambiente\/wp-json\/wp\/v2\/users\/13"}],"replies":[{"embeddable":true,"href":"https:\/\/www.ambienteyenergia.gob.ec\/ambiente\/wp-json\/wp\/v2\/comments?post=20689"}],"version-history":[{"count":0,"href":"https:\/\/www.ambienteyenergia.gob.ec\/ambiente\/wp-json\/wp\/v2\/posts\/20689\/revisions"}],"wp:featuredmedia":[{"embeddable":true,"href":"https:\/\/www.ambienteyenergia.gob.ec\/ambiente\/wp-json\/wp\/v2\/media\/20690"}],"wp:attachment":[{"href":"https:\/\/www.ambienteyenergia.gob.ec\/ambiente\/wp-json\/wp\/v2\/media?parent=20689"}],"wp:term":[{"taxonomy":"category","embeddable":true,"href":"https:\/\/www.ambienteyenergia.gob.ec\/ambiente\/wp-json\/wp\/v2\/categories?post=20689"},{"taxonomy":"post_tag","embeddable":true,"href":"https:\/\/www.ambienteyenergia.gob.ec\/ambiente\/wp-json\/wp\/v2\/tags?post=20689"}],"curies":[{"name":"wp","href":"https:\/\/api.w.org\/{rel}","templated":true}]}}