{"id":20684,"date":"2014-06-06T14:34:16","date_gmt":"2014-06-06T19:34:16","guid":{"rendered":"http:\/\/www.ambiente.gob.ec\/?p=20684"},"modified":"2014-06-06T14:34:16","modified_gmt":"2014-06-06T19:34:16","slug":"mae-realiza-octavo-taller-sobre-estrategia-nacional-de-biodiversidad","status":"publish","type":"post","link":"https:\/\/www.ambienteyenergia.gob.ec\/ambiente\/mae-realiza-octavo-taller-sobre-estrategia-nacional-de-biodiversidad\/","title":{"rendered":"MAE realiza octavo taller sobre Estrategia Nacional de Biodiversidad"},"content":{"rendered":"<p style=\"text-align: justify;\">Hoy, el Ministerio del Ambiente\u00a0 realiz\u00f3 el octavo taller sobre la Estrategia Nacional de Biodiversidad (ENB) en la ciudad de Cuenca. El encuentro cont\u00f3 la participaci\u00f3n de los representantes del comit\u00e9 directivo de la ENB que lo integran la Secretar\u00eda Nacional de Planificaci\u00f3n y Desarrollo (Senplades); el Ministerio Coordinador de Sectores Estrat\u00e9gicos (MICSE), el Ministerio Coordinador de Conocimiento y Talento Humano y el Ministerio de Finanzas. Otras entidades como el Programa de las Naciones Unidas para el Desarrollo (PNUD) tambi\u00e9n apoyan esta iniciativa.<\/p>\n<p style=\"text-align: justify;\">\n<p style=\"text-align: justify;\">Durante la cita, Alfredo Lopez, Coordinador de la ENB del MAE, enfatiz\u00f3 sobre la nueva visi\u00f3n del Ecuador en cuanto a la gesti\u00f3n de su biodiversidad como recurso estrat\u00e9gico, desarrollo nacional y alineamiento con la estrategia nacional de cambio de matriz productiva y erradicaci\u00f3n de la pobreza.<\/p>\n<p style=\"text-align: justify;\">\n<p style=\"text-align: justify;\">La visi\u00f3n de la ENB consiste en contar en el 2030 con un inventario nacional de todos los grupos de plantas vasculares, vertebrados y macro-invertebrados terrestres y acu\u00e1ticos. Tambi\u00e9n promueve la promoci\u00f3n tur\u00edstica del Sistema Nacional de \u00e1reas protegidas como destino estrat\u00e9gico del turismo nacional basado en la gesti\u00f3n de pol\u00edticas p\u00fablicas que fomenten la disminuci\u00f3n de presiones y aseguren la conservaci\u00f3n de estos espacios nativos.<\/p>\n<p style=\"text-align: justify;\">\n<p style=\"text-align: justify;\">De manera general, la ENB est\u00e1 conformada por seis ejes que son la gesti\u00f3n de la informaci\u00f3n y conocimiento sobre diversidad biol\u00f3gica, valoraci\u00f3n econ\u00f3mica e incentivos para la gesti\u00f3n sostenible, protecci\u00f3n de la diversidad biol\u00f3gica, restauraci\u00f3n y rehabilitaci\u00f3n de la diversidad biol\u00f3gica, uso sostenible de la diversidad biol\u00f3gica y la institucionalidad para la gesti\u00f3n sostenible.<\/p>\n<p style=\"text-align: justify;\">\n<p style=\"text-align: justify;\">El Gobierno de la Revoluci\u00f3n Ciudadana con la implementaci\u00f3n de la Estrategia Nacional de Biodiversidad promueve un salto hist\u00f3rico por el cual el Estado asume con responsabilidad \u00e9tica el derecho de los ciudadanos a vivir en un ambiente sano, libre de contaminaci\u00f3n y sustentable. En ese sentido, la ENB basa su gesti\u00f3n integral en el objetivo No. 7 del Plan Nacional del Buen Vivir, que busca garantizar los derechos de la naturaleza y promover la sostenibilidad ambiental, territorial y global.<\/p>\n<p style=\"text-align: justify;\">\n<p style=\"text-align: justify;\">En la actualidad, el MAE se encuentra en la fase final del ciclo de talleres de intercambio sobre la implementaci\u00f3n ENB en el Ecuador. Se tiene previsto pr\u00f3ximos encuentros durante este mes de junio. La clausura de los talleres se realizar\u00e1 en Quito.<\/p>\n<p style=\"text-align: justify;\">\n<p style=\"text-align: justify;\"><strong>Metas de las ENB<\/strong><\/p>\n<p style=\"text-align: justify;\">\n<ul style=\"text-align: justify;\">\n<li>En el 2017, llegar a la meta propuesta de 4 millones de hect\u00e1reas de bosque bajo conservaci\u00f3n con\u00a0 el Programa Socio Bosque.<\/li>\n<li>En el 2017, aumentar el porcentaje de hogares que clasifican sus desechos: org\u00e1nicos al 32%, pl\u00e1sticos al 45% y papel al 32%.<\/li>\n<li>En el 2020, registrar la incorporaci\u00f3n de un modelo de Ordenamiento Territorial que incorpore medidas de gesti\u00f3n de la diversidad biol\u00f3gica en el 100% de los planes de los GAD.<\/li>\n<\/ul>\n","protected":false},"excerpt":{"rendered":"<p class=\"excerpt\">Hoy, el Ministerio del Ambiente\u00a0 realiz\u00f3 el octavo taller sobre la Estrategia Nacional de Biodiversidad (ENB) en la ciudad de Cuenca. El encuentro cont\u00f3 la participaci\u00f3n de los representantes del comit\u00e9 directivo de la ENB que lo integran la Secretar\u00eda Nacional de Planificaci\u00f3n y Desarrollo (Senplades); el Ministerio Coordinador de Sectores Estrat\u00e9gicos (MICSE), el Ministerio Coordinador de Conocimiento y Talento&hellip; <a href=\"https:\/\/www.ambienteyenergia.gob.ec\/ambiente\/mae-realiza-octavo-taller-sobre-estrategia-nacional-de-biodiversidad\/\">Read more &rarr;<\/a><\/p>\n","protected":false},"author":13,"featured_media":20685,"comment_status":"open","ping_status":"open","sticky":false,"template":"","format":"standard","meta":{"footnotes":""},"categories":[16,4],"tags":[],"class_list":["post-20684","post","type-post","status-publish","format-standard","has-post-thumbnail","hentry","category-comunicamos","category-noticias","xfolkentry"],"_links":{"self":[{"href":"https:\/\/www.ambienteyenergia.gob.ec\/ambiente\/wp-json\/wp\/v2\/posts\/20684","targetHints":{"allow":["GET"]}}],"collection":[{"href":"https:\/\/www.ambienteyenergia.gob.ec\/ambiente\/wp-json\/wp\/v2\/posts"}],"about":[{"href":"https:\/\/www.ambienteyenergia.gob.ec\/ambiente\/wp-json\/wp\/v2\/types\/post"}],"author":[{"embeddable":true,"href":"https:\/\/www.ambienteyenergia.gob.ec\/ambiente\/wp-json\/wp\/v2\/users\/13"}],"replies":[{"embeddable":true,"href":"https:\/\/www.ambienteyenergia.gob.ec\/ambiente\/wp-json\/wp\/v2\/comments?post=20684"}],"version-history":[{"count":0,"href":"https:\/\/www.ambienteyenergia.gob.ec\/ambiente\/wp-json\/wp\/v2\/posts\/20684\/revisions"}],"wp:featuredmedia":[{"embeddable":true,"href":"https:\/\/www.ambienteyenergia.gob.ec\/ambiente\/wp-json\/wp\/v2\/media\/20685"}],"wp:attachment":[{"href":"https:\/\/www.ambienteyenergia.gob.ec\/ambiente\/wp-json\/wp\/v2\/media?parent=20684"}],"wp:term":[{"taxonomy":"category","embeddable":true,"href":"https:\/\/www.ambienteyenergia.gob.ec\/ambiente\/wp-json\/wp\/v2\/categories?post=20684"},{"taxonomy":"post_tag","embeddable":true,"href":"https:\/\/www.ambienteyenergia.gob.ec\/ambiente\/wp-json\/wp\/v2\/tags?post=20684"}],"curies":[{"name":"wp","href":"https:\/\/api.w.org\/{rel}","templated":true}]}}