{"id":20673,"date":"2014-06-06T11:39:37","date_gmt":"2014-06-06T16:39:37","guid":{"rendered":"http:\/\/www.ambiente.gob.ec\/?p=20673"},"modified":"2014-06-06T12:07:19","modified_gmt":"2014-06-06T17:07:19","slug":"mae-dona-25-56-metros-cubicos-de-madera-decomisada-al-miduvi-en-loja","status":"publish","type":"post","link":"https:\/\/www.ambienteyenergia.gob.ec\/ambiente\/mae-dona-25-56-metros-cubicos-de-madera-decomisada-al-miduvi-en-loja\/","title":{"rendered":"MAE dona a MIDUVI 25,56 metros c\u00fabicos de madera decomisada en Loja"},"content":{"rendered":"<p style=\"text-align: justify;\">El Ministerio del Ambiente de Ecuador (MAE), a trav\u00e9s de la Coordinaci\u00f3n Zonal 7 y la Direcci\u00f3n Provincial del Ambiente de Loja suscribi\u00f3 el acta de traspaso definitivo de producto forestal de 25.56 metros c\u00fabicos de madera de varias especies al Ministerio de Desarrollo Urbano y Vivienda MIDUVI para utilizarla en obras de beneficio social como la construcci\u00f3n y mejoramiento de viviendas para personas de escasos recursos de la provincia de Loja.<\/p>\n<p>La madera fue retenida en operativos de control realizados en la provincia de Loja, en los cantones Loja, Gonzanam\u00e1, Zapotillo, Alamor, con el apoyo de la Unidad de Polic\u00eda Ambiental, Ej\u00e9rcito y Aduana, debido a que los propietarios de la madera no contaban con los permisos correspondientes para su aprovechamiento y movilizaci\u00f3n.<\/p>\n<p>El producto forestal que se entreg\u00f3 al MIDUVI corresponde a las especies de cedro, azuceno, aguacatillo, cipr\u00e9s, bellamar\u00eda, yamila.<\/p>\n<p>El objetivo principal de esta Cartera de Estado es regularizar estos procesos con la finalidad de minimizar los impactos ambientales negativos y un mal manejo en los bosques a nivel nacional.<\/p>\n<p>La donaci\u00f3n de madera decomisadas por el MAE, se ampara en el Art. 110 al 116 del T\u00edtulo VIII, LIBRO III DEL R\u00c9GIMEN FORESTAL y Acuerdo Ministerial No. 001 de fecha 24 de septiembre de 2008 suscrito entre los Ministerios de Desarrollo Urbano y Vivienda y el Ministerio del Ambiente.<\/p>\n","protected":false},"excerpt":{"rendered":"<p class=\"excerpt\">El Ministerio del Ambiente de Ecuador (MAE), a trav\u00e9s de la Coordinaci\u00f3n Zonal 7 y la Direcci\u00f3n Provincial del Ambiente de Loja suscribi\u00f3 el acta de traspaso definitivo de producto forestal de 25.56 metros c\u00fabicos de madera de varias especies al Ministerio de Desarrollo Urbano y Vivienda MIDUVI para utilizarla en obras de beneficio social como la construcci\u00f3n y mejoramiento&hellip; <a href=\"https:\/\/www.ambienteyenergia.gob.ec\/ambiente\/mae-dona-25-56-metros-cubicos-de-madera-decomisada-al-miduvi-en-loja\/\">Read more &rarr;<\/a><\/p>\n","protected":false},"author":13,"featured_media":20674,"comment_status":"open","ping_status":"open","sticky":false,"template":"","format":"standard","meta":{"footnotes":""},"categories":[16,4],"tags":[],"class_list":["post-20673","post","type-post","status-publish","format-standard","has-post-thumbnail","hentry","category-comunicamos","category-noticias","xfolkentry"],"_links":{"self":[{"href":"https:\/\/www.ambienteyenergia.gob.ec\/ambiente\/wp-json\/wp\/v2\/posts\/20673","targetHints":{"allow":["GET"]}}],"collection":[{"href":"https:\/\/www.ambienteyenergia.gob.ec\/ambiente\/wp-json\/wp\/v2\/posts"}],"about":[{"href":"https:\/\/www.ambienteyenergia.gob.ec\/ambiente\/wp-json\/wp\/v2\/types\/post"}],"author":[{"embeddable":true,"href":"https:\/\/www.ambienteyenergia.gob.ec\/ambiente\/wp-json\/wp\/v2\/users\/13"}],"replies":[{"embeddable":true,"href":"https:\/\/www.ambienteyenergia.gob.ec\/ambiente\/wp-json\/wp\/v2\/comments?post=20673"}],"version-history":[{"count":0,"href":"https:\/\/www.ambienteyenergia.gob.ec\/ambiente\/wp-json\/wp\/v2\/posts\/20673\/revisions"}],"wp:featuredmedia":[{"embeddable":true,"href":"https:\/\/www.ambienteyenergia.gob.ec\/ambiente\/wp-json\/wp\/v2\/media\/20674"}],"wp:attachment":[{"href":"https:\/\/www.ambienteyenergia.gob.ec\/ambiente\/wp-json\/wp\/v2\/media?parent=20673"}],"wp:term":[{"taxonomy":"category","embeddable":true,"href":"https:\/\/www.ambienteyenergia.gob.ec\/ambiente\/wp-json\/wp\/v2\/categories?post=20673"},{"taxonomy":"post_tag","embeddable":true,"href":"https:\/\/www.ambienteyenergia.gob.ec\/ambiente\/wp-json\/wp\/v2\/tags?post=20673"}],"curies":[{"name":"wp","href":"https:\/\/api.w.org\/{rel}","templated":true}]}}