{"id":20641,"date":"2014-06-05T23:11:24","date_gmt":"2014-06-06T04:11:24","guid":{"rendered":"http:\/\/www.ambiente.gob.ec\/?p=20641"},"modified":"2014-06-05T23:30:39","modified_gmt":"2014-06-06T04:30:39","slug":"mae-en-conmoracion-al-dia-mundial-del-ambiente-realizo-una-marcha-en-chimborazo","status":"publish","type":"post","link":"https:\/\/www.ambienteyenergia.gob.ec\/ambiente\/mae-en-conmoracion-al-dia-mundial-del-ambiente-realizo-una-marcha-en-chimborazo\/","title":{"rendered":"MAE en conmemoraci\u00f3n al D\u00eda Mundial del Ambiente realiz\u00f3 una marcha en Chimborazo"},"content":{"rendered":"<p style=\"text-align: justify;\">El Ministerio del Ambiente del Ecuador (MAE), a trav\u00e9s de la Direcci\u00f3n Provincial de Chimborazo desarroll\u00f3 una marcha denominada \u201cEcuador Verde\u201d por las calles principales de la ciudad de Riobamba en conmemoraci\u00f3n al D\u00eda Mundial del Ambiente, que se celebra este 5 de junio. El evento cont\u00f3 con la participaci\u00f3n de instituciones educativas, direcciones provinciales y entidades financieras que apoyaron la iniciativa con diferentes actividades l\u00fadicas.<\/p>\n<p style=\"text-align: justify;\">Desde las 8:00 del d\u00eda de hoy, varias entidades se dieron cita en los alrededores del Parque Guayaquil (Infantil) con la finalidad de celebrar esta importante fecha, que invita a la reflexi\u00f3n ciudadana.<\/p>\n<p style=\"text-align: justify;\">Durante la trayectoria se observ\u00f3 danzas estudiantiles acompa\u00f1adas de pancartas alusivas a la fecha ambiental, adem\u00e1s se cont\u00f3 con la intervenci\u00f3n de la Banda de M\u00fasica de la Polic\u00eda Nacional del Ecuador que dio apertura a la jornada.<\/p>\n<p style=\"text-align: justify;\">M\u00e1s de 1 000 personas participaron en la marcha que tuvo como lema por un \u201cEcuador Verde\u201d. Instituciones como la Universidad Nacional, Escuela Superior Polit\u00e9cnica de Chimborazo, Secretaria Nacional de Riesgos, GAD Provincial de Chimborazo, Concejo Nacional Electoral, Agencia Nacional de Tr\u00e1nsito, Ministerio de Desarrollo Urbano y Vivienda, entre otras, exhibieron art\u00edculos realizados con material reciclado. Algunas de las escuelas que asistieron a la actividad trabajaron en la primera etapa del Proyecto Red Guardianes del Planeta.<\/p>\n<p style=\"text-align: justify;\">De la misma forma, funcionarios de la Direcci\u00f3n Provincial del Ambiente de Chimborazo socializaron el motivo de la fecha ambiental en los locales de la urbe riobambe\u00f1a y entregaron manillas, globos y plantas para incentivar y promover en la ciudadan\u00eda el Buen Vivir.<\/p>\n<p style=\"text-align: justify;\">Al finalizar la marcha, Magaly Oviedo Moncayo, Directora Provincial del Ambiente de Chimborazo, agradeci\u00f3 el apoyo de los ciudadanos y los incentiv\u00f3 a trabajar con responsabilidad ambiental desde los diferentes sectores en los que se encuentran. El recorrido concluy\u00f3 en el Parque Maldonado, ubicado en las calles Primera constituyente y 5 de Junio.<\/p>\n<p style=\"text-align: justify;\">Los asistentes aplaudieron la iniciativa realizada por el Ministerio del Ambiente y expresaron su compromiso con el planeta con voces de aliento.<\/p>\n<p>&nbsp;<\/p>\n<p>&nbsp;<\/p>\n","protected":false},"excerpt":{"rendered":"<p class=\"excerpt\">El Ministerio del Ambiente del Ecuador (MAE), a trav\u00e9s de la Direcci\u00f3n Provincial de Chimborazo desarroll\u00f3 una marcha denominada \u201cEcuador Verde\u201d por las calles principales de la ciudad de Riobamba en conmemoraci\u00f3n al D\u00eda Mundial del Ambiente, que se celebra este 5 de junio. El evento cont\u00f3 con la participaci\u00f3n de instituciones educativas, direcciones provinciales y entidades financieras que apoyaron&hellip; <a href=\"https:\/\/www.ambienteyenergia.gob.ec\/ambiente\/mae-en-conmoracion-al-dia-mundial-del-ambiente-realizo-una-marcha-en-chimborazo\/\">Read more &rarr;<\/a><\/p>\n","protected":false},"author":13,"featured_media":20642,"comment_status":"open","ping_status":"open","sticky":false,"template":"","format":"standard","meta":{"footnotes":""},"categories":[16,4],"tags":[],"class_list":["post-20641","post","type-post","status-publish","format-standard","has-post-thumbnail","hentry","category-comunicamos","category-noticias","xfolkentry"],"_links":{"self":[{"href":"https:\/\/www.ambienteyenergia.gob.ec\/ambiente\/wp-json\/wp\/v2\/posts\/20641","targetHints":{"allow":["GET"]}}],"collection":[{"href":"https:\/\/www.ambienteyenergia.gob.ec\/ambiente\/wp-json\/wp\/v2\/posts"}],"about":[{"href":"https:\/\/www.ambienteyenergia.gob.ec\/ambiente\/wp-json\/wp\/v2\/types\/post"}],"author":[{"embeddable":true,"href":"https:\/\/www.ambienteyenergia.gob.ec\/ambiente\/wp-json\/wp\/v2\/users\/13"}],"replies":[{"embeddable":true,"href":"https:\/\/www.ambienteyenergia.gob.ec\/ambiente\/wp-json\/wp\/v2\/comments?post=20641"}],"version-history":[{"count":0,"href":"https:\/\/www.ambienteyenergia.gob.ec\/ambiente\/wp-json\/wp\/v2\/posts\/20641\/revisions"}],"wp:featuredmedia":[{"embeddable":true,"href":"https:\/\/www.ambienteyenergia.gob.ec\/ambiente\/wp-json\/wp\/v2\/media\/20642"}],"wp:attachment":[{"href":"https:\/\/www.ambienteyenergia.gob.ec\/ambiente\/wp-json\/wp\/v2\/media?parent=20641"}],"wp:term":[{"taxonomy":"category","embeddable":true,"href":"https:\/\/www.ambienteyenergia.gob.ec\/ambiente\/wp-json\/wp\/v2\/categories?post=20641"},{"taxonomy":"post_tag","embeddable":true,"href":"https:\/\/www.ambienteyenergia.gob.ec\/ambiente\/wp-json\/wp\/v2\/tags?post=20641"}],"curies":[{"name":"wp","href":"https:\/\/api.w.org\/{rel}","templated":true}]}}