{"id":20638,"date":"2014-06-05T22:58:46","date_gmt":"2014-06-06T03:58:46","guid":{"rendered":"http:\/\/www.ambiente.gob.ec\/?p=20638"},"modified":"2014-06-05T22:58:46","modified_gmt":"2014-06-06T03:58:46","slug":"dia-mundial-del-ambiente-se-celebro-en-esmeraldas-con-varias-actividades-de-concienciacion-ambiental","status":"publish","type":"post","link":"https:\/\/www.ambienteyenergia.gob.ec\/ambiente\/dia-mundial-del-ambiente-se-celebro-en-esmeraldas-con-varias-actividades-de-concienciacion-ambiental\/","title":{"rendered":"D\u00eda Mundial del Ambiente se celebr\u00f3 en Esmeraldas con varias actividades de concienciaci\u00f3n ambiental"},"content":{"rendered":"<p style=\"text-align: justify;\">El Ministerio del Ambiente (MAE), a trav\u00e9s de la Direcci\u00f3n Provincial de Esmeraldas realiz\u00f3 varias actividades con el fin de concienciar a la ciudadan\u00eda sobre la importancia de conservar los recursos naturales y de proteger el ambiente y los ecosistemas. Estas acciones se ejecutaron en el marco del D\u00eda Mundial del Ambiente, que este a\u00f1o tuvo como slogan \u201cAlza tu voz no el nivel del mar\u201d.<\/p>\n<p style=\"text-align: justify;\">Con motivo de celebrar esta fecha, el 3 de junio se organiz\u00f3 una casa abierta en la Plaza C\u00edvica de la ciudad de Esmeraldas, en la cual participaron instituciones p\u00fablicas como la Secretar\u00eda Nacional del Agua, los ministerios de Turismo, de Educaci\u00f3n, de Salud; EP Petroecuador, Armada del Ecuador, Secretar\u00eda Nacional de Riesgo, CNEL, CNT y ECU 911. El objetivo de esta iniciativa era que la ciudadan\u00eda esmeralde\u00f1a reflexione sobre las acciones que pueden aportar al cuidado del ambiente.<\/p>\n<p style=\"text-align: justify;\">Una de las actividades m\u00e1s representativas fue el evento del mejor dibujo ambiental presentado por estudiantes de diferentes instituciones educativas. El premio para el ganador de este concurso fue un recorrido por una de las ocho \u00e1reas protegidas situadas dentro de la provincia de Esmeraldas.<\/p>\n<p style=\"text-align: justify;\">Asimismo, el 4 de junio, en el cant\u00f3n de Atacames se desarrollaron jornadas de educaci\u00f3n ambiental y actividades l\u00fadicas como cantos, obras de teatro y funciones de t\u00edteres, que brindaron un excelente mensaje sobre el ambiente. A las unidades educativas que participaron se les entreg\u00f3 varias composteras org\u00e1nicas, que servir\u00e1n para el aprovechamiento adecuado y sustentable de los desechos org\u00e1nicos generados en las unidades.<\/p>\n<p style=\"text-align: justify;\">Finalmente, el 5 de junio se efectuaron marchas, charlas, talleres, casas abiertas y recorridos fluviales, por los diferentes cantones de la provincia.<\/p>\n<p style=\"text-align: justify;\">En el cant\u00f3n Quininde, por ejemplo, se realiz\u00f3 un magno evento al que asisti\u00f3 la cantante ecuatoriana Karla Kanora, como una de las voceras oficiales de esta campa\u00f1a de preservaci\u00f3n del ambiente.<\/p>\n<p style=\"text-align: justify;\">Por su parte, Narcisa C\u00e1rdenas, Directora Provincial del Ambiente de Esmeraldas, en nombre de la Ministra del Ambiente, Lorena Tapia, agradeci\u00f3 la presencia de todos y los invit\u00f3 a seguir trabajando por la construcci\u00f3n de un Ecuador Verde.<\/p>\n<p>&nbsp;<\/p>\n","protected":false},"excerpt":{"rendered":"<p class=\"excerpt\">El Ministerio del Ambiente (MAE), a trav\u00e9s de la Direcci\u00f3n Provincial de Esmeraldas realiz\u00f3 varias actividades con el fin de concienciar a la ciudadan\u00eda sobre la importancia de conservar los recursos naturales y de proteger el ambiente y los ecosistemas. Estas acciones se ejecutaron en el marco del D\u00eda Mundial del Ambiente, que este a\u00f1o tuvo como slogan \u201cAlza tu&hellip; <a href=\"https:\/\/www.ambienteyenergia.gob.ec\/ambiente\/dia-mundial-del-ambiente-se-celebro-en-esmeraldas-con-varias-actividades-de-concienciacion-ambiental\/\">Read more &rarr;<\/a><\/p>\n","protected":false},"author":13,"featured_media":20639,"comment_status":"open","ping_status":"open","sticky":false,"template":"","format":"standard","meta":{"footnotes":""},"categories":[16,4],"tags":[510,55,53,54],"class_list":["post-20638","post","type-post","status-publish","format-standard","has-post-thumbnail","hentry","category-comunicamos","category-noticias","tag-dia-del-ambiente","tag-esmeraldas","tag-mae","tag-ministerio-del-ambiente","xfolkentry"],"_links":{"self":[{"href":"https:\/\/www.ambienteyenergia.gob.ec\/ambiente\/wp-json\/wp\/v2\/posts\/20638","targetHints":{"allow":["GET"]}}],"collection":[{"href":"https:\/\/www.ambienteyenergia.gob.ec\/ambiente\/wp-json\/wp\/v2\/posts"}],"about":[{"href":"https:\/\/www.ambienteyenergia.gob.ec\/ambiente\/wp-json\/wp\/v2\/types\/post"}],"author":[{"embeddable":true,"href":"https:\/\/www.ambienteyenergia.gob.ec\/ambiente\/wp-json\/wp\/v2\/users\/13"}],"replies":[{"embeddable":true,"href":"https:\/\/www.ambienteyenergia.gob.ec\/ambiente\/wp-json\/wp\/v2\/comments?post=20638"}],"version-history":[{"count":0,"href":"https:\/\/www.ambienteyenergia.gob.ec\/ambiente\/wp-json\/wp\/v2\/posts\/20638\/revisions"}],"wp:featuredmedia":[{"embeddable":true,"href":"https:\/\/www.ambienteyenergia.gob.ec\/ambiente\/wp-json\/wp\/v2\/media\/20639"}],"wp:attachment":[{"href":"https:\/\/www.ambienteyenergia.gob.ec\/ambiente\/wp-json\/wp\/v2\/media?parent=20638"}],"wp:term":[{"taxonomy":"category","embeddable":true,"href":"https:\/\/www.ambienteyenergia.gob.ec\/ambiente\/wp-json\/wp\/v2\/categories?post=20638"},{"taxonomy":"post_tag","embeddable":true,"href":"https:\/\/www.ambienteyenergia.gob.ec\/ambiente\/wp-json\/wp\/v2\/tags?post=20638"}],"curies":[{"name":"wp","href":"https:\/\/api.w.org\/{rel}","templated":true}]}}