{"id":20631,"date":"2014-06-05T21:52:40","date_gmt":"2014-06-06T02:52:40","guid":{"rendered":"http:\/\/www.ambiente.gob.ec\/?p=20631"},"modified":"2014-06-05T21:52:40","modified_gmt":"2014-06-06T02:52:40","slug":"mae-participo-en-conversatorio-por-el-dia-mundial-del-ambiente","status":"publish","type":"post","link":"https:\/\/www.ambienteyenergia.gob.ec\/ambiente\/mae-participo-en-conversatorio-por-el-dia-mundial-del-ambiente\/","title":{"rendered":"MAE particip\u00f3 en conversatorio por el D\u00eda Mundial del Ambiente"},"content":{"rendered":"<p style=\"text-align: justify;\">Como parte de las actividades programadas por la celebraci\u00f3n del D\u00eda Mundial del Ambiente, el Ministerio del Ambiente (MAE) particip\u00f3 en el conversatorio \u201cLos Sectores Estrat\u00e9gicos, mitigaci\u00f3n y adaptaci\u00f3n al cambio clim\u00e1tico\u201d organizado por el Ministerio de Coordinaci\u00f3n de los Sectores Estrat\u00e9gicos (MICSE) y el Programa de las Naciones Unidas para el Desarrollo (PNUD).<\/p>\n<p style=\"text-align: justify;\">En su discurso de apertura, el ministro coordinador de Sectores Estrat\u00e9gicos Rafael Poveda, mencion\u00f3 que la emisi\u00f3n de Gases de Efecto Invernadero (GEI) representa en Ecuador menos del 0,1% de las emisiones globales, adem\u00e1s, resalt\u00f3 la importancia de trabajar en conjunto por el cambio clim\u00e1tico bajo el principio de \u201cresponsabilidad com\u00fan pero diferenciada\u201d y explic\u00f3 que como parte de una estrategia de reducci\u00f3n de emisiones se han planificado y ejecutado desde las diferentes carteras de estado que conforman los Sectores Estrat\u00e9gicos grandes proyectos \u201cdonde la transformaci\u00f3n de la matriz energ\u00e9tica y la gesti\u00f3n integral del agua son el principal soporte para la mitigaci\u00f3n y adaptaci\u00f3n al cambio clim\u00e1tico\u201d.<\/p>\n<p style=\"text-align: justify;\">\u201cEl gobierno del Presidente Rafael Correa, ha sido el gobierno que m\u00e1s ha hecho por el ambiente en toda la historia del pa\u00eds con acciones concretas: pol\u00edticas, programas y proyectos que son una realidad\u201d, afirm\u00f3 Poveda.<\/p>\n<p style=\"text-align: justify;\">Destac\u00f3 tambi\u00e9n la creaci\u00f3n de la Subsecretar\u00eda de Cambio Clim\u00e1tico en el MAE como ente articulador del cambio clim\u00e1tico a nivel nacional, la eliminaci\u00f3n del uso de los combustibles f\u00f3siles y la intenci\u00f3n de contar con una de las matrices energ\u00e9ticas \u201cm\u00e1s limpias del mundo\u201d y que tiene la intenci\u00f3n de mitigar m\u00e1s de 11 millones de CO2 al a\u00f1o.<\/p>\n<p style=\"text-align: justify;\">Por su parte, Diego Zorrilla, coordinador residente para el Programa de Naciones Unidas para el Desarrollo, destac\u00f3 la participaci\u00f3n de los ministerios de Sectores Estrat\u00e9gicos y otras instituciones durante la celebraci\u00f3n del D\u00eda Mundial del Medio Ambiente que este a\u00f1o tiene el lema \u201cEleva tu voz, no el nivel del mar\u201d y aclar\u00f3 que \u201cel cambio clim\u00e1tico es una realidad global que afecta a todos los pa\u00edses del mundo\u201d, explic\u00f3 tambi\u00e9n las implicaciones de este fen\u00f3meno a nivel social y econ\u00f3mico.<\/p>\n<p style=\"text-align: justify;\">Por su parte, Emilio Cobo, en calidad de delegado de la Subsecretar\u00eda de Cambio Clim\u00e1tico, expuso las diferentes pol\u00edticas de adaptaci\u00f3n y mitigaci\u00f3n, los programas y proyectos que desde el Ministerio del Ambiente se desarrollan con el objetivo de articular esfuerzos con otras carteras de estado y con los Gobiernos Aut\u00f3nomos Descentralizados (GAD) para conseguir mejores resultados. Asimismo, explic\u00f3 sobre el trabajo que realiza el MAE para promover procesos de agricultura sostenible, conservaci\u00f3n de p\u00e1ramos, seguridad alimentaria y manejo adecuado de los suelos, entre otros.<\/p>\n<p style=\"text-align: justify;\">El di\u00e1logo se concentr\u00f3 en la necesidad de aprovechar de forma responsable los recursos naturales as\u00ed como la exposici\u00f3n de las pol\u00edticas y programas que se encuentran en ejecuci\u00f3n y que aseguran la conservaci\u00f3n de nuestra biodiversidad y ecosistemas.<\/p>\n<p>&nbsp;<\/p>\n","protected":false},"excerpt":{"rendered":"<p class=\"excerpt\">Como parte de las actividades programadas por la celebraci\u00f3n del D\u00eda Mundial del Ambiente, el Ministerio del Ambiente (MAE) particip\u00f3 en el conversatorio \u201cLos Sectores Estrat\u00e9gicos, mitigaci\u00f3n y adaptaci\u00f3n al cambio clim\u00e1tico\u201d organizado por el Ministerio de Coordinaci\u00f3n de los Sectores Estrat\u00e9gicos (MICSE) y el Programa de las Naciones Unidas para el Desarrollo (PNUD). En su discurso de apertura, el&hellip; <a href=\"https:\/\/www.ambienteyenergia.gob.ec\/ambiente\/mae-participo-en-conversatorio-por-el-dia-mundial-del-ambiente\/\">Read more &rarr;<\/a><\/p>\n","protected":false},"author":13,"featured_media":20632,"comment_status":"open","ping_status":"open","sticky":false,"template":"","format":"standard","meta":{"footnotes":""},"categories":[16,4],"tags":[511,108,53,54],"class_list":["post-20631","post","type-post","status-publish","format-standard","has-post-thumbnail","hentry","category-comunicamos","category-noticias","tag-dia-mundial-del-ambiente","tag-lorena-tapia","tag-mae","tag-ministerio-del-ambiente","xfolkentry"],"_links":{"self":[{"href":"https:\/\/www.ambienteyenergia.gob.ec\/ambiente\/wp-json\/wp\/v2\/posts\/20631","targetHints":{"allow":["GET"]}}],"collection":[{"href":"https:\/\/www.ambienteyenergia.gob.ec\/ambiente\/wp-json\/wp\/v2\/posts"}],"about":[{"href":"https:\/\/www.ambienteyenergia.gob.ec\/ambiente\/wp-json\/wp\/v2\/types\/post"}],"author":[{"embeddable":true,"href":"https:\/\/www.ambienteyenergia.gob.ec\/ambiente\/wp-json\/wp\/v2\/users\/13"}],"replies":[{"embeddable":true,"href":"https:\/\/www.ambienteyenergia.gob.ec\/ambiente\/wp-json\/wp\/v2\/comments?post=20631"}],"version-history":[{"count":0,"href":"https:\/\/www.ambienteyenergia.gob.ec\/ambiente\/wp-json\/wp\/v2\/posts\/20631\/revisions"}],"wp:featuredmedia":[{"embeddable":true,"href":"https:\/\/www.ambienteyenergia.gob.ec\/ambiente\/wp-json\/wp\/v2\/media\/20632"}],"wp:attachment":[{"href":"https:\/\/www.ambienteyenergia.gob.ec\/ambiente\/wp-json\/wp\/v2\/media?parent=20631"}],"wp:term":[{"taxonomy":"category","embeddable":true,"href":"https:\/\/www.ambienteyenergia.gob.ec\/ambiente\/wp-json\/wp\/v2\/categories?post=20631"},{"taxonomy":"post_tag","embeddable":true,"href":"https:\/\/www.ambienteyenergia.gob.ec\/ambiente\/wp-json\/wp\/v2\/tags?post=20631"}],"curies":[{"name":"wp","href":"https:\/\/api.w.org\/{rel}","templated":true}]}}