{"id":20626,"date":"2014-06-05T17:51:47","date_gmt":"2014-06-05T22:51:47","guid":{"rendered":"http:\/\/www.ambiente.gob.ec\/?p=20626"},"modified":"2014-06-05T17:51:47","modified_gmt":"2014-06-05T22:51:47","slug":"ministerio-del-ambiente-expidio-normas-de-la-autoridad-nacional-ambiental-para-carbono-neutral","status":"publish","type":"post","link":"https:\/\/www.ambienteyenergia.gob.ec\/ambiente\/ministerio-del-ambiente-expidio-normas-de-la-autoridad-nacional-ambiental-para-carbono-neutral\/","title":{"rendered":"Ministerio del Ambiente expidi\u00f3 \u201cNormas de la Autoridad Nacional Ambiental para Carbono Neutral\u201d"},"content":{"rendered":"<p style=\"text-align: justify;\" align=\"CENTER\"><span style=\"font-family: Arial, sans-serif;\">El Ministerio del Ambiente (MAE) lidera la gesti\u00f3n del Cambio Clim\u00e1tico a nivel nacional y busca promover que otros actores se involucren y participen en la en la implementaci\u00f3n de medidas de mitigaci\u00f3n del cambio clim\u00e1tico. En este contexto,\u00a0<\/span>la supervisi\u00f3n y registro de acciones de mitigaci\u00f3n de emisiones de Gases de Efecto Invernadero (GEI)\u00a0en fundamental, es as\u00ed que el MAE expidi\u00f3 el pasado\u00a020 de mayo\u00a0el Acuerdo Ministerial No. 141 que contiene las \u201cNormas de la Autoridad Nacional Ambiental para Carbono Neutral\u201d. Este Acuerdo Ministerial emite una clara se\u00f1al de regularizaci\u00f3n para las actividades relacionadas a la mitigaci\u00f3n de emisiones de carbono.<\/p>\n<p style=\"text-align: justify;\" align=\"JUSTIFY\"><span style=\"font-family: Arial, sans-serif;\">La expedici\u00f3n de estas normas, posiciona a esta Cartera de Estado como la Autoridad Nacional para otorgar el Sello Carbono Neutral y registrar todas las iniciativas p\u00fablicas o privadas que cumplan total o parcialmente con los requerimientos que exige el mecanismo para alcanzar la carbono neutralidad.\u00a0<\/span><\/p>\n<p align=\"JUSTIFY\"><span style=\"font-family: Arial, sans-serif;\">Adem\u00e1s, pretende llegar a todas las personas naturales y jur\u00eddicas que\u00a0actualmente est\u00e9n implementado medidas para mejorar la gesti\u00f3n ambiental en actividades productivas y de servicios.<\/span><\/p>\n<p align=\"JUSTIFY\"><span style=\"font-family: Arial, sans-serif;\">La implementaci\u00f3n de la certificaci\u00f3n de la carbono neutralidad, ofrece una ventana de oportunidades para: uso eficiente de recursos, generaci\u00f3n de nuevas fuentes de trabajo, apertura a nuevos mercados, mayor competitividad nacional a nivel internacional, entre otros.<\/span><\/p>\n<p align=\"JUSTIFY\"><span style=\"font-family: Arial, sans-serif;\">Usted puede descargar el Acuerdo Ministerial en el siguiente enlace:\u00a0<a href=\"http:\" target=\"_blank\">http:\/\/<\/a><\/span><a href=\"http:\/\/www.ambienteyenergia.gob.ec\/ambiente\/wp-content\/plugins\/download-monitor\/download.php?id=1830&amp;force=1\" target=\"_blank\">www.ambienteyenergia.gob.ec\/ambiente\/wp-content\/plugins\/download-monitor\/download.php?id=1830&amp;force=1<\/a><\/p>\n<p>&nbsp;<\/p>\n","protected":false},"excerpt":{"rendered":"<p class=\"excerpt\">El Ministerio del Ambiente (MAE) lidera la gesti\u00f3n del Cambio Clim\u00e1tico a nivel nacional y busca promover que otros actores se involucren y participen en la en la implementaci\u00f3n de medidas de mitigaci\u00f3n del cambio clim\u00e1tico. En este contexto,\u00a0la supervisi\u00f3n y registro de acciones de mitigaci\u00f3n de emisiones de Gases de Efecto Invernadero (GEI)\u00a0en fundamental, es as\u00ed que el MAE&hellip; <a href=\"https:\/\/www.ambienteyenergia.gob.ec\/ambiente\/ministerio-del-ambiente-expidio-normas-de-la-autoridad-nacional-ambiental-para-carbono-neutral\/\">Read more &rarr;<\/a><\/p>\n","protected":false},"author":13,"featured_media":19936,"comment_status":"open","ping_status":"open","sticky":false,"template":"","format":"standard","meta":{"footnotes":""},"categories":[4],"tags":[],"class_list":["post-20626","post","type-post","status-publish","format-standard","has-post-thumbnail","hentry","category-noticias","xfolkentry"],"_links":{"self":[{"href":"https:\/\/www.ambienteyenergia.gob.ec\/ambiente\/wp-json\/wp\/v2\/posts\/20626","targetHints":{"allow":["GET"]}}],"collection":[{"href":"https:\/\/www.ambienteyenergia.gob.ec\/ambiente\/wp-json\/wp\/v2\/posts"}],"about":[{"href":"https:\/\/www.ambienteyenergia.gob.ec\/ambiente\/wp-json\/wp\/v2\/types\/post"}],"author":[{"embeddable":true,"href":"https:\/\/www.ambienteyenergia.gob.ec\/ambiente\/wp-json\/wp\/v2\/users\/13"}],"replies":[{"embeddable":true,"href":"https:\/\/www.ambienteyenergia.gob.ec\/ambiente\/wp-json\/wp\/v2\/comments?post=20626"}],"version-history":[{"count":0,"href":"https:\/\/www.ambienteyenergia.gob.ec\/ambiente\/wp-json\/wp\/v2\/posts\/20626\/revisions"}],"wp:featuredmedia":[{"embeddable":true,"href":"https:\/\/www.ambienteyenergia.gob.ec\/ambiente\/wp-json\/wp\/v2\/media\/19936"}],"wp:attachment":[{"href":"https:\/\/www.ambienteyenergia.gob.ec\/ambiente\/wp-json\/wp\/v2\/media?parent=20626"}],"wp:term":[{"taxonomy":"category","embeddable":true,"href":"https:\/\/www.ambienteyenergia.gob.ec\/ambiente\/wp-json\/wp\/v2\/categories?post=20626"},{"taxonomy":"post_tag","embeddable":true,"href":"https:\/\/www.ambienteyenergia.gob.ec\/ambiente\/wp-json\/wp\/v2\/tags?post=20626"}],"curies":[{"name":"wp","href":"https:\/\/api.w.org\/{rel}","templated":true}]}}