{"id":20623,"date":"2014-06-05T16:47:42","date_gmt":"2014-06-05T21:47:42","guid":{"rendered":"http:\/\/www.ambiente.gob.ec\/?p=20623"},"modified":"2014-06-05T21:40:14","modified_gmt":"2014-06-06T02:40:14","slug":"mae-celebro-el-dia-mundial-del-ambiente-con-una-jornada-de-reforestacion-con-cientos-de-ninos-y-jovenes","status":"publish","type":"post","link":"https:\/\/www.ambienteyenergia.gob.ec\/ambiente\/mae-celebro-el-dia-mundial-del-ambiente-con-una-jornada-de-reforestacion-con-cientos-de-ninos-y-jovenes\/","title":{"rendered":"MAE celebr\u00f3 el D\u00eda Mundial del Ambiente con una jornada de reforestaci\u00f3n con cientos de ni\u00f1os y j\u00f3venes"},"content":{"rendered":"<p style=\"text-align: justify;\">La zona de amortiguamiento de la Reserva Geobot\u00e1nica Pululahua, al norte de Quito, fue el escenario perfecto para celebrar el D\u00eda Mundial del Ambiente, con una jornada de reforestaci\u00f3n en la que participaron alrededor de 500 personas.<\/p>\n<p style=\"text-align: justify;\">Para conmemorar esta importante fecha, el Ministerio del Ambiente con la colaboraci\u00f3n de estudiantes del Instituto Especial para ni\u00f1os Ciegos y Sordos Mariana de Jes\u00fas, de la Universidad Central del Ecuador (Facultad de Filosof\u00eda), del Colegio T\u00e9cnico Agropecuario Genoveva Germ\u00e1n, del Colegio Calacali, miembros de la Unidad de Protecci\u00f3n del Medio Ambiente (UPMA) de la Polic\u00eda Nacional y j\u00f3venes del Servicio Civil Ciudadano; restaur\u00f3 cinco hect\u00e1reas con aproximadamente 2 000 plantas nativas,\u00a0 entre ellas aliso, arrayan, cedro, quishuar y pumamaqui.<\/p>\n<p style=\"text-align: justify;\">Al el emotivo acto asistieron la Ministra del Ambiente, Lorena Tapia; el Director Provincial del Ambiente de Pichincha, Santiago Tapia; el Subsecretario de Patrimonio Natural,\u00a0 Christian Ter\u00e1n;\u00a0 autoridades y docentes de las instituciones educativas participantes y moradores del sector.<\/p>\n<p style=\"text-align: justify;\">En su intervenci\u00f3n, la M\u00e1xima Autoridad Ambiental agradeci\u00f3 el compromiso de todos los asistentes y aprovech\u00f3 la ocasi\u00f3n para invitarlos a seguir trabajando en la construcci\u00f3n de un Ecuador m\u00e1s Verde. \u00abEl cuidado ambiental es un compromiso, una forma de ver la vida a trav\u00e9s de la conservaci\u00f3n y la recuperaci\u00f3n de nuestros recursos naturales. La restauraci\u00f3n activa o reforestaci\u00f3n forma parte de los pilares en la recuperaci\u00f3n y mantenimiento integral de nuestro patrimonio natural del estado. por ello, ustedes y, sobre todo, los j\u00f3venes son actores clave a trav\u00e9s de los cuales la transformaci\u00f3n ambiental se consolida\u00bb.<\/p>\n<p style=\"text-align: justify;\">Luego de estas palabras, la Ministra Tapia, se uni\u00f3 a los j\u00f3venes y ni\u00f1os a la actividad de restauraci\u00f3n. Estefano, un ni\u00f1o con discapacidad auditiva inici\u00f3 con entusiasmo el proceso de siembra junto a la Ministra, con quien pudo compartir un grato momento.<\/p>\n<p style=\"text-align: justify;\">Carmita Samaniego,\u00a0 docente del Instituto Especial para ni\u00f1os Ciegos y Sordos Mariana de Jes\u00fas, asegur\u00f3 que este d\u00eda fue muy especial para los ni\u00f1os pues pudieron interactuar con otras personas, a trav\u00e9s de esta actividad incluyente a favor del ambiente. \u00abLos \u00e1rboles son fundamentales para la vida, es m\u00e1s, si un ni\u00f1o desde muy peque\u00f1ito se interesa por colaborar con la naturaleza vamos a tener personas conscientes\u00bb.<\/p>\n<p style=\"text-align: justify;\">Por su parte, el Teniente Christian Palma de la UPMA, explic\u00f3 que la Polic\u00eda Nacional siempre est\u00e1 dispuesta a colaborar con el MAE y as\u00ed velar por la conservaci\u00f3n de la naturaleza. \u00abEsperamos continuar con estos planes de reforestaci\u00f3n en todo el pa\u00eds\u00bb<\/p>\n<p style=\"text-align: justify;\">Para concluir, la Ministra Tapia afirm\u00f3 que \u00aben esta importante jornada de reforestaci\u00f3n demostramos que juntos, ciudadanos y ciudadanas podemos sembrar la esperanza de un mejor futuro. No pensamos en el\u00a0hoy, solamente, pensamos en el ma\u00f1ana. Estos \u00e1rboles que\u00a0hoy\u00a0sembramos simbolizan la esperanza y los grandes hitos\u00a0 que cumpliremos juntos\u00bb.<\/p>\n","protected":false},"excerpt":{"rendered":"<p class=\"excerpt\">La zona de amortiguamiento de la Reserva Geobot\u00e1nica Pululahua, al norte de Quito, fue el escenario perfecto para celebrar el D\u00eda Mundial del Ambiente, con una jornada de reforestaci\u00f3n en la que participaron alrededor de 500 personas. Para conmemorar esta importante fecha, el Ministerio del Ambiente con la colaboraci\u00f3n de estudiantes del Instituto Especial para ni\u00f1os Ciegos y Sordos Mariana&hellip; <a href=\"https:\/\/www.ambienteyenergia.gob.ec\/ambiente\/mae-celebro-el-dia-mundial-del-ambiente-con-una-jornada-de-reforestacion-con-cientos-de-ninos-y-jovenes\/\">Read more &rarr;<\/a><\/p>\n","protected":false},"author":13,"featured_media":20624,"comment_status":"open","ping_status":"open","sticky":false,"template":"","format":"standard","meta":{"footnotes":""},"categories":[16,4,10],"tags":[],"class_list":["post-20623","post","type-post","status-publish","format-standard","has-post-thumbnail","hentry","category-comunicamos","category-noticias","category-noticias-destacadas","xfolkentry"],"_links":{"self":[{"href":"https:\/\/www.ambienteyenergia.gob.ec\/ambiente\/wp-json\/wp\/v2\/posts\/20623","targetHints":{"allow":["GET"]}}],"collection":[{"href":"https:\/\/www.ambienteyenergia.gob.ec\/ambiente\/wp-json\/wp\/v2\/posts"}],"about":[{"href":"https:\/\/www.ambienteyenergia.gob.ec\/ambiente\/wp-json\/wp\/v2\/types\/post"}],"author":[{"embeddable":true,"href":"https:\/\/www.ambienteyenergia.gob.ec\/ambiente\/wp-json\/wp\/v2\/users\/13"}],"replies":[{"embeddable":true,"href":"https:\/\/www.ambienteyenergia.gob.ec\/ambiente\/wp-json\/wp\/v2\/comments?post=20623"}],"version-history":[{"count":0,"href":"https:\/\/www.ambienteyenergia.gob.ec\/ambiente\/wp-json\/wp\/v2\/posts\/20623\/revisions"}],"wp:featuredmedia":[{"embeddable":true,"href":"https:\/\/www.ambienteyenergia.gob.ec\/ambiente\/wp-json\/wp\/v2\/media\/20624"}],"wp:attachment":[{"href":"https:\/\/www.ambienteyenergia.gob.ec\/ambiente\/wp-json\/wp\/v2\/media?parent=20623"}],"wp:term":[{"taxonomy":"category","embeddable":true,"href":"https:\/\/www.ambienteyenergia.gob.ec\/ambiente\/wp-json\/wp\/v2\/categories?post=20623"},{"taxonomy":"post_tag","embeddable":true,"href":"https:\/\/www.ambienteyenergia.gob.ec\/ambiente\/wp-json\/wp\/v2\/tags?post=20623"}],"curies":[{"name":"wp","href":"https:\/\/api.w.org\/{rel}","templated":true}]}}