{"id":20620,"date":"2014-06-05T16:37:09","date_gmt":"2014-06-05T21:37:09","guid":{"rendered":"http:\/\/www.ambiente.gob.ec\/?p=20620"},"modified":"2014-07-07T14:19:46","modified_gmt":"2014-07-07T19:19:46","slug":"mae-conmemora-el-dia-mundial-del-ambiente-con-diferentes-actividades-en-santo-domingo-de-los-tsachilas","status":"publish","type":"post","link":"https:\/\/www.ambienteyenergia.gob.ec\/ambiente\/mae-conmemora-el-dia-mundial-del-ambiente-con-diferentes-actividades-en-santo-domingo-de-los-tsachilas\/","title":{"rendered":"MAE   conmemora el D\u00eda Mundial del Ambiente con diferentes actividades en Santo Domingo de los Ts\u00e1chilas"},"content":{"rendered":"<p style=\"text-align: justify;\">En el marco de la conmemoraci\u00f3n del D\u00eda Mundial del Ambiente se desarrollan diferentes actividades a nivel nacional con el objetivo de concienciar a la poblaci\u00f3n sobre buenas pr\u00e1cticas ambientales, por medio de iniciativas vinculantes a todos los sectores de la poblaci\u00f3n.<\/p>\n<p>Es por tal motivo que el Ministerio del Ambiente de Ecuador (MAE), a trav\u00e9s de la Direcci\u00f3n Provincial del Ambiente Santo Domingo de los Ts\u00e1chilas, en un trabajo conjunto con el Gobierno Aut\u00f3nomo Descentralizado Cantonal y la Universidad Tecnol\u00f3gica Equinoccial (UTE) organizaron diferentes eventos, con la participaci\u00f3n de la poblaci\u00f3n santodominguense.<\/p>\n<p>Entre las actividades desarrollas en la provincia, se realiz\u00f3 un foro ambiental en el sal\u00f3n de la UTE, en el que se trataron temas sobre el proceso de regulaci\u00f3n y legislaci\u00f3n ambiental.<\/p>\n<p>Adem\u00e1s de esta actividad acad\u00e9mica, en el parque lineal \u201cManuel Ramos\u201d, con la presencia de autoridades se realiz\u00f3 un programa de danza ecol\u00f3gica, pintura infantil y trajes t\u00edpicos con materiales reciclados relacionados con el cuidado y conservaci\u00f3n del\u00a0 ambiente, en el que participaron diferentes Unidades Educativas de la provincia.<\/p>\n<p>Esta Cartera de Estado desarrolla permanentemente actividades encaminadas a la concienciaci\u00f3n ambiental, por medio de talleres, foros, ferias y educaci\u00f3n ambiental con el fin de proporcionar a los ciudadanos las herramientas necesarias para contribuir al cambio en relaci\u00f3n a buenas pr\u00e1cticas ambientales por un Ecuador Verde.<\/p>\n","protected":false},"excerpt":{"rendered":"<p class=\"excerpt\">En el marco de la conmemoraci\u00f3n del D\u00eda Mundial del Ambiente se desarrollan diferentes actividades a nivel nacional con el objetivo de concienciar a la poblaci\u00f3n sobre buenas pr\u00e1cticas ambientales, por medio de iniciativas vinculantes a todos los sectores de la poblaci\u00f3n. Es por tal motivo que el Ministerio del Ambiente de Ecuador (MAE), a trav\u00e9s de la Direcci\u00f3n Provincial&hellip; <a href=\"https:\/\/www.ambienteyenergia.gob.ec\/ambiente\/mae-conmemora-el-dia-mundial-del-ambiente-con-diferentes-actividades-en-santo-domingo-de-los-tsachilas\/\">Read more &rarr;<\/a><\/p>\n","protected":false},"author":13,"featured_media":20621,"comment_status":"open","ping_status":"open","sticky":false,"template":"","format":"standard","meta":{"footnotes":""},"categories":[16,4],"tags":[],"class_list":["post-20620","post","type-post","status-publish","format-standard","has-post-thumbnail","hentry","category-comunicamos","category-noticias","xfolkentry"],"_links":{"self":[{"href":"https:\/\/www.ambienteyenergia.gob.ec\/ambiente\/wp-json\/wp\/v2\/posts\/20620","targetHints":{"allow":["GET"]}}],"collection":[{"href":"https:\/\/www.ambienteyenergia.gob.ec\/ambiente\/wp-json\/wp\/v2\/posts"}],"about":[{"href":"https:\/\/www.ambienteyenergia.gob.ec\/ambiente\/wp-json\/wp\/v2\/types\/post"}],"author":[{"embeddable":true,"href":"https:\/\/www.ambienteyenergia.gob.ec\/ambiente\/wp-json\/wp\/v2\/users\/13"}],"replies":[{"embeddable":true,"href":"https:\/\/www.ambienteyenergia.gob.ec\/ambiente\/wp-json\/wp\/v2\/comments?post=20620"}],"version-history":[{"count":0,"href":"https:\/\/www.ambienteyenergia.gob.ec\/ambiente\/wp-json\/wp\/v2\/posts\/20620\/revisions"}],"wp:featuredmedia":[{"embeddable":true,"href":"https:\/\/www.ambienteyenergia.gob.ec\/ambiente\/wp-json\/wp\/v2\/media\/20621"}],"wp:attachment":[{"href":"https:\/\/www.ambienteyenergia.gob.ec\/ambiente\/wp-json\/wp\/v2\/media?parent=20620"}],"wp:term":[{"taxonomy":"category","embeddable":true,"href":"https:\/\/www.ambienteyenergia.gob.ec\/ambiente\/wp-json\/wp\/v2\/categories?post=20620"},{"taxonomy":"post_tag","embeddable":true,"href":"https:\/\/www.ambienteyenergia.gob.ec\/ambiente\/wp-json\/wp\/v2\/tags?post=20620"}],"curies":[{"name":"wp","href":"https:\/\/api.w.org\/{rel}","templated":true}]}}