{"id":20616,"date":"2014-06-05T16:32:31","date_gmt":"2014-06-05T21:32:31","guid":{"rendered":"http:\/\/www.ambiente.gob.ec\/?p=20616"},"modified":"2014-06-05T16:32:31","modified_gmt":"2014-06-05T21:32:31","slug":"mae-y-estudiantes-de-sucumbios-conmemoraron-el-dia-del-ambiente-con-pregon-y-casa-abierta-ecologicos","status":"publish","type":"post","link":"https:\/\/www.ambienteyenergia.gob.ec\/ambiente\/mae-y-estudiantes-de-sucumbios-conmemoraron-el-dia-del-ambiente-con-pregon-y-casa-abierta-ecologicos\/","title":{"rendered":"MAE y estudiantes de Sucumb\u00edos conmemoraron el D\u00eda del Ambiente con preg\u00f3n y casa abierta ecol\u00f3gicos"},"content":{"rendered":"<p style=\"text-align: justify;\">Decenas de personas participaron en el preg\u00f3n ambiental y la casa abierta ecol\u00f3gica realizados por el Ministerio del Ambiente (MAE), a trav\u00e9s de su Direcci\u00f3n Provincial en Sucumb\u00edos, en conmemoraci\u00f3n del d\u00eda Mundial del Ambiente, celebrado el 05 de junio de cada a\u00f1o, con la finalidad de promover acciones en pro del cuidado de la naturaleza.<\/p>\n<p style=\"text-align: justify;\">\n<p style=\"text-align: justify;\">Ni\u00f1os y j\u00f3venes de varias instituciones educativas de la provincia, protagonizaron el desfile que recorri\u00f3 las principales calles de la ciudad de Nueva Loja. Con creatividad, los estudiantes confeccionaron sus trajes con material reciclado y presentaron frases alusivas a la protecci\u00f3n de la fauna y la flora, la diversidad biol\u00f3gica y el cuidado del ambiente.<\/p>\n<p style=\"text-align: justify;\">\n<p style=\"text-align: justify;\">La Direcci\u00f3n Provincial de Ambiente particip\u00f3 con un carro aleg\u00f3rico, con el objetivo concienciar\u00a0 sobre la importancia de especies como el oso andino, y el h\u00e1bitat que necesita para su sobrevivencia.<\/p>\n<p style=\"text-align: justify;\">\n<p style=\"text-align: justify;\">Luego de ello, 18 Clubes Ecol\u00f3gicos expusieron, en una pasarela de modas, diversos objetos como adornos y vestimentas elaborados con materiales reciclados.<\/p>\n<p style=\"text-align: justify;\">\n<p style=\"text-align: justify;\">Estas actividades se realizaron en coordinaci\u00f3n con el Municipio de Lago Agrio, el Consejo Provincial, \u00a0y las Instituciones Educativas participantes.<\/p>\n","protected":false},"excerpt":{"rendered":"<p class=\"excerpt\">Decenas de personas participaron en el preg\u00f3n ambiental y la casa abierta ecol\u00f3gica realizados por el Ministerio del Ambiente (MAE), a trav\u00e9s de su Direcci\u00f3n Provincial en Sucumb\u00edos, en conmemoraci\u00f3n del d\u00eda Mundial del Ambiente, celebrado el 05 de junio de cada a\u00f1o, con la finalidad de promover acciones en pro del cuidado de la naturaleza. Ni\u00f1os y j\u00f3venes de&hellip; <a href=\"https:\/\/www.ambienteyenergia.gob.ec\/ambiente\/mae-y-estudiantes-de-sucumbios-conmemoraron-el-dia-del-ambiente-con-pregon-y-casa-abierta-ecologicos\/\">Read more &rarr;<\/a><\/p>\n","protected":false},"author":13,"featured_media":20617,"comment_status":"open","ping_status":"open","sticky":false,"template":"","format":"standard","meta":{"footnotes":""},"categories":[16,4],"tags":[],"class_list":["post-20616","post","type-post","status-publish","format-standard","has-post-thumbnail","hentry","category-comunicamos","category-noticias","xfolkentry"],"_links":{"self":[{"href":"https:\/\/www.ambienteyenergia.gob.ec\/ambiente\/wp-json\/wp\/v2\/posts\/20616","targetHints":{"allow":["GET"]}}],"collection":[{"href":"https:\/\/www.ambienteyenergia.gob.ec\/ambiente\/wp-json\/wp\/v2\/posts"}],"about":[{"href":"https:\/\/www.ambienteyenergia.gob.ec\/ambiente\/wp-json\/wp\/v2\/types\/post"}],"author":[{"embeddable":true,"href":"https:\/\/www.ambienteyenergia.gob.ec\/ambiente\/wp-json\/wp\/v2\/users\/13"}],"replies":[{"embeddable":true,"href":"https:\/\/www.ambienteyenergia.gob.ec\/ambiente\/wp-json\/wp\/v2\/comments?post=20616"}],"version-history":[{"count":0,"href":"https:\/\/www.ambienteyenergia.gob.ec\/ambiente\/wp-json\/wp\/v2\/posts\/20616\/revisions"}],"wp:featuredmedia":[{"embeddable":true,"href":"https:\/\/www.ambienteyenergia.gob.ec\/ambiente\/wp-json\/wp\/v2\/media\/20617"}],"wp:attachment":[{"href":"https:\/\/www.ambienteyenergia.gob.ec\/ambiente\/wp-json\/wp\/v2\/media?parent=20616"}],"wp:term":[{"taxonomy":"category","embeddable":true,"href":"https:\/\/www.ambienteyenergia.gob.ec\/ambiente\/wp-json\/wp\/v2\/categories?post=20616"},{"taxonomy":"post_tag","embeddable":true,"href":"https:\/\/www.ambienteyenergia.gob.ec\/ambiente\/wp-json\/wp\/v2\/tags?post=20616"}],"curies":[{"name":"wp","href":"https:\/\/api.w.org\/{rel}","templated":true}]}}