{"id":20612,"date":"2014-06-05T15:21:08","date_gmt":"2014-06-05T20:21:08","guid":{"rendered":"http:\/\/www.ambiente.gob.ec\/?p=20612"},"modified":"2014-06-05T22:05:25","modified_gmt":"2014-06-06T03:05:25","slug":"mae-celebro-en-ambato-dia-mundial-del-ambiente-con-ciclo-paseo-y-feria-ambiental-escolar","status":"publish","type":"post","link":"https:\/\/www.ambienteyenergia.gob.ec\/ambiente\/mae-celebro-en-ambato-dia-mundial-del-ambiente-con-ciclo-paseo-y-feria-ambiental-escolar\/","title":{"rendered":"MAE celebr\u00f3 en Ambato D\u00eda Mundial del Ambiente con ciclopaseo y feria ambiental escolar"},"content":{"rendered":"<p style=\"text-align: justify;\">El Ministerio del Ambiente de Ecuador (MAE), a trav\u00e9s de la Direcci\u00f3n Provincial del Ambiente de Tungurahua, conjuntamente con el Gobierno Aut\u00f3nomo Descentralizado Municipalidad Ambato, organizaron un Ciclopaseo y la Feria Ambiental escolar en el marco de la conmemoraci\u00f3n por el D\u00eda Mundial del Ambiente en la ciudad de Ambato.<\/p>\n<p style=\"text-align: justify;\">Numerosos funcionarios de distintas instituciones p\u00fablicas, j\u00f3venes y autoridades se concentraron en la Plaza Segunda Constituyente de la ciudad de Ambato, para participar en el Ciclopaseo.<\/p>\n<p style=\"text-align: justify;\">Las bicicletas se pusieron en movimiento. Los ciclistas avanzaron por la calle Bol\u00edvar en centro de la ciudad hasta el parque Cevallos, el pelot\u00f3n estuvo liderado por el Alcalde de Ambato, Lu\u00eds Amoroso y las concejalas Mar\u00eda Fernanda Naranjo, Salom\u00e9 Mar\u00edn y Ver\u00f3nica Sol\u00eds del Patronato Provincial, adem\u00e1s del Director Provincial del Ambiente\u00a0 Omar Land\u00e1zuri.<\/p>\n<p style=\"text-align: justify;\">El objetivo de esta actividad fue incentivar a la ciudadan\u00eda el uso de la bicicleta como medio alternativo para la movilidad dentro de la ciudad.<\/p>\n<p style=\"text-align: justify;\">Al culminar el ciclo paseo en el parque Cevallos, las autoridades y publico presente participaron de la Feria Ambiental Escolar, en la que estudiantes de diez escuelas de la ciudad expusieron sobre alternativas de reciclaje, practicas amigables con el ambiente, ahorro de agua, energ\u00edas alternativas agricultura org\u00e1nica, la importancia de los \u00e1rboles, valores ambientales, cambio clim\u00e1tico, entre otros temas.<\/p>\n<p style=\"text-align: justify;\">Las autoridades recorrieron cada uno de los stands calificando las presentaciones, al final entregaron diplomas y premios a las escuelas ganadoras. La Escuela Fiscal de Educaci\u00f3n B\u00e1sica Eduardo Mera, se hizo acreedora al primer puesto; mientras que la Unidad Educativa Biling\u00fce Thomas Cranmer, el segundo lugar y el Centro Educativo Nuevo Mundo se llev\u00f3 el tercer lugar.<\/p>\n<p style=\"text-align: justify;\">Mensajes, reflexiones y discursos formaron parte de esta celebraci\u00f3n por el D\u00eda Mundial del Ambiente en la provincia de Tungurahua, destacando la importancia de cuidar, proteger y recuperar nuestro entorno natural.<\/p>\n<p style=\"text-align: justify;\"><a href=\"http:\/\/www.ambienteyenergia.gob.ec\/ambiente\/wp-content\/uploads\/2014\/06\/DSC03149.jpg\"><img loading=\"lazy\" decoding=\"async\" class=\"aligncenter size-full wp-image-20635\" alt=\"MAE celebr\u00f3 en Ambato D\u00eda Mundial del Ambiente con ciclopaseo y feria ambiental escolar\" src=\"http:\/\/www.ambienteyenergia.gob.ec\/ambiente\/wp-content\/uploads\/2014\/06\/DSC03149.jpg\" width=\"640\" height=\"428\" srcset=\"https:\/\/www.ambienteyenergia.gob.ec\/ambiente\/wp-content\/uploads\/sites\/2\/2014\/06\/DSC03149.jpg 640w, https:\/\/www.ambienteyenergia.gob.ec\/ambiente\/wp-content\/uploads\/sites\/2\/2014\/06\/DSC03149-300x200.jpg 300w, https:\/\/www.ambienteyenergia.gob.ec\/ambiente\/wp-content\/uploads\/sites\/2\/2014\/06\/DSC03149-448x300.jpg 448w\" sizes=\"auto, (max-width: 640px) 100vw, 640px\" \/><\/a><\/p>\n","protected":false},"excerpt":{"rendered":"<p class=\"excerpt\">El Ministerio del Ambiente de Ecuador (MAE), a trav\u00e9s de la Direcci\u00f3n Provincial del Ambiente de Tungurahua, conjuntamente con el Gobierno Aut\u00f3nomo Descentralizado Municipalidad Ambato, organizaron un Ciclopaseo y la Feria Ambiental escolar en el marco de la conmemoraci\u00f3n por el D\u00eda Mundial del Ambiente en la ciudad de Ambato. Numerosos funcionarios de distintas instituciones p\u00fablicas, j\u00f3venes y autoridades se&hellip; <a href=\"https:\/\/www.ambienteyenergia.gob.ec\/ambiente\/mae-celebro-en-ambato-dia-mundial-del-ambiente-con-ciclo-paseo-y-feria-ambiental-escolar\/\">Read more &rarr;<\/a><\/p>\n","protected":false},"author":13,"featured_media":20613,"comment_status":"open","ping_status":"open","sticky":false,"template":"","format":"standard","meta":{"footnotes":""},"categories":[16,4],"tags":[],"class_list":["post-20612","post","type-post","status-publish","format-standard","has-post-thumbnail","hentry","category-comunicamos","category-noticias","xfolkentry"],"_links":{"self":[{"href":"https:\/\/www.ambienteyenergia.gob.ec\/ambiente\/wp-json\/wp\/v2\/posts\/20612","targetHints":{"allow":["GET"]}}],"collection":[{"href":"https:\/\/www.ambienteyenergia.gob.ec\/ambiente\/wp-json\/wp\/v2\/posts"}],"about":[{"href":"https:\/\/www.ambienteyenergia.gob.ec\/ambiente\/wp-json\/wp\/v2\/types\/post"}],"author":[{"embeddable":true,"href":"https:\/\/www.ambienteyenergia.gob.ec\/ambiente\/wp-json\/wp\/v2\/users\/13"}],"replies":[{"embeddable":true,"href":"https:\/\/www.ambienteyenergia.gob.ec\/ambiente\/wp-json\/wp\/v2\/comments?post=20612"}],"version-history":[{"count":0,"href":"https:\/\/www.ambienteyenergia.gob.ec\/ambiente\/wp-json\/wp\/v2\/posts\/20612\/revisions"}],"wp:featuredmedia":[{"embeddable":true,"href":"https:\/\/www.ambienteyenergia.gob.ec\/ambiente\/wp-json\/wp\/v2\/media\/20613"}],"wp:attachment":[{"href":"https:\/\/www.ambienteyenergia.gob.ec\/ambiente\/wp-json\/wp\/v2\/media?parent=20612"}],"wp:term":[{"taxonomy":"category","embeddable":true,"href":"https:\/\/www.ambienteyenergia.gob.ec\/ambiente\/wp-json\/wp\/v2\/categories?post=20612"},{"taxonomy":"post_tag","embeddable":true,"href":"https:\/\/www.ambienteyenergia.gob.ec\/ambiente\/wp-json\/wp\/v2\/tags?post=20612"}],"curies":[{"name":"wp","href":"https:\/\/api.w.org\/{rel}","templated":true}]}}