{"id":20606,"date":"2014-06-05T12:35:08","date_gmt":"2014-06-05T17:35:08","guid":{"rendered":"http:\/\/www.ambiente.gob.ec\/?p=20606"},"modified":"2014-06-05T13:06:28","modified_gmt":"2014-06-05T18:06:28","slug":"mae-celebra-el-dia-mundial-del-ambiente-con-proyectos-emblematicos-a-nivel-nacional","status":"publish","type":"post","link":"https:\/\/www.ambienteyenergia.gob.ec\/ambiente\/mae-celebra-el-dia-mundial-del-ambiente-con-proyectos-emblematicos-a-nivel-nacional\/","title":{"rendered":"MAE celebra el D\u00eda Mundial del Ambiente con proyectos emblem\u00e1ticos a nivel nacional"},"content":{"rendered":"<style type=\"text\/css\"><!--\nP { margin-bottom: 0.21cm; }\n--><\/style>\n<p lang=\"es-ES\" style=\"text-align: justify;\" align=\"JUSTIFY\"><span style=\"font-family: Calibri,sans-serif;\"><span style=\"font-size: medium;\"><i>El 15 de diciembre de 1972 la Asamblea general de las Naciones Unidas en su resoluci\u00f3n XXVII estableci\u00f3 al 5 de junio como el D\u00eda Mundial del Medio Ambiente, ya que en la conferencia de Estocolmo, Suecia el tema central a tratar fue el Ambiente.<\/i><\/span><\/span><\/p>\n<p lang=\"es-ES\" style=\"text-align: justify;\" align=\"JUSTIFY\"><span style=\"font-family: Calibri,sans-serif;\"><span style=\"font-size: medium;\">Es en este contexto que el Gobierno de la Revoluci\u00f3n Ciudadana, a trav\u00e9s del Ministerio del Ambiente de Ecuador (MAE) implementa actividades que fomentan, en la empresa p\u00fablica, privada y ciudadan\u00eda en general, la aplicaci\u00f3n de buenas pr\u00e1cticas ambientales en sus oficinas y en procesos de producci\u00f3n m\u00e1s limpia, permiti\u00e9ndonos ser un aporte fundamental en el cambio de matriz productiva.<\/span><\/span><\/p>\n<p lang=\"es-ES\" style=\"text-align: justify;\" align=\"JUSTIFY\"><span style=\"font-family: Calibri,sans-serif;\"><span style=\"font-size: medium;\">El objetivo principal de esta fecha importante es motivar a los ciudadanos para que se conviertan en agentes activos del desarrollo sustentable y equitativo; adem\u00e1s se promover el papel fundamental de las comunidades en el cambio de actitud hacia temas ambientales, y fomentar la cooperaci\u00f3n para que el medio ambiente sea sostenible, pues de esta manera se puede garantizar que las futuras generaciones vivan en un entorno conservado y protegido de la contaminaci\u00f3n.<\/span><\/span><\/p>\n<p lang=\"es-ES\" style=\"text-align: justify;\" align=\"JUSTIFY\"><span style=\"font-family: Calibri,sans-serif;\"><span style=\"font-size: medium;\">El D\u00eda Mundial del Medio Ambiente es un evento en el que se realizan diversas actividades a nivel nacional, con el objetivo de contribuir con la naturaleza, a trav\u00e9s de charlas educativas de manejo adecuado de desechos s\u00f3lidos, jornadas de reforestaci\u00f3n, limpieza de playas. <\/span><\/span><\/p>\n<p lang=\"es-ES\" style=\"text-align: justify;\" align=\"JUSTIFY\"><span style=\"font-family: Calibri,sans-serif;\"><span style=\"font-size: medium;\"><b>Proyectos Emblem\u00e1ticos<\/b><\/span><\/span><\/p>\n<p lang=\"es-ES\" style=\"text-align: justify;\" align=\"JUSTIFY\"><span style=\"font-family: Calibri,sans-serif;\"><span style=\"font-size: medium;\"><i>Cero Especies Amenazadas<\/i><\/span><\/span><\/p>\n<p lang=\"es-ES\" style=\"text-align: justify;\" align=\"JUSTIFY\"><span style=\"font-family: Calibri,sans-serif;\"><span style=\"font-size: medium;\">El Programa de Conservaci\u00f3n Cero Especies Amenazadas \u201cGustavo Orc\u00e9s\u201d, ser\u00e1 un Programa del Ministerio del Ambiente, enfocado en desarrollar estrategias vinculadas a la conservaci\u00f3n y monitoreo de las especies amenazadas de extinci\u00f3n en el Ecuador, a trav\u00e9s de la identificaci\u00f3n de los sitios que requieren y necesiten ser protegidos, as\u00ed como identificar las necesidades de conservaci\u00f3n de cada una de las especies actualmente amenazadas. Un ejemplo es la Rana de torrente de Pilal\u00f3, especie cr\u00edticamente amenazada, que vive en las estribaciones occidentales de la Provincia de Cotopaxi.<\/span><\/span><\/p>\n<p style=\"text-align: justify;\" align=\"JUSTIFY\"><span style=\"font-family: Calibri,sans-serif;\"><span style=\"font-size: medium;\"><span style=\"font-size: medium;\">Este Programa ayudar\u00e1 a cumplir con la Meta 12 de las Metas de Aichi para la biodiversidad que se refiere a que para el 2020 se habr\u00e1 evitado la extinci\u00f3n de especies en peligro, a trav\u00e9s del mejoramiento de su estado de conservaci\u00f3n, especialmente, para las especies en mayor declive, as\u00ed como uno de los resultados de la Estrategia Nacional de Biodiversidad que se\u00f1ala que para el 2020 el Ecuador implementa medidas integrales para evitar la extinci\u00f3n de especies amenazadas de fauna y flora silvestres, priorizadas por la Autoridad Ambiental Nacional, en particular para aquellas catalogadas como En Peligro Cr\u00edtico, y opera un sistema de monitoreo integral.<\/span><\/span><\/span><\/p>\n<p lang=\"es-ES\" style=\"text-align: justify;\" align=\"JUSTIFY\"><span style=\"font-family: Calibri,sans-serif;\"><span style=\"font-size: medium;\"><i>Cierre t\u00e9cnico de botaderos a cielo abierto<\/i><\/span><\/span><\/p>\n<p style=\"text-align: justify;\" align=\"JUSTIFY\"><span style=\"font-family: Calibri,sans-serif;\"><span style=\"font-size: medium;\"><span style=\"font-size: medium;\">Para el a\u00f1o 2017, el Ecuador estar\u00e1 libre de botaderos a cielo abierto. El MAE, a trav\u00e9s del PNGIDS, trabaja de manera coordinada con los Gobiernos Aut\u00f3nomos Descentralizados y el Banco del Estado con el objetivo de lograr el Cierre T\u00e9cnico de Botaderos a Cielo Abierto en los alrededores de las zonas pobladas con el fin de disponer de Rellenos Sanitarios para evitar, principalmente, problemas relacionados con la salud de la poblaci\u00f3n y el mejoramiento de la calidad ambiental de estos lugares.<\/span><\/span><\/span><\/p>\n<p style=\"text-align: justify;\" align=\"JUSTIFY\"><span style=\"font-family: Calibri,sans-serif;\"><span style=\"font-size: medium;\"><span style=\"color: #000109;\"><span style=\"font-size: medium;\">En los estudios realizados, se determin\u00f3 que de los 221 GAD, a nivel nacional, el 80% (177) cuentan con botaderos como sitios de disposici\u00f3n final y 20% (44) cuenta con rellenos sanitarios.<\/span><\/span><\/span><\/span><\/p>\n<p style=\"text-align: justify;\" align=\"JUSTIFY\"><span style=\"font-family: Calibri,sans-serif;\"><span style=\"font-size: medium;\"><span style=\"font-size: medium;\">Los 20 cantones priorizados forman que parte de la mancomunidad Sumak Kawsay son: Los R\u00edos (13 cantones): Baba, Babahoyo, Buena F\u00e9, Mocache, Montalvo, Palenque, Pueblo Viejo, Quevedo, Quinsaloma, Urdaneta, Valencia, Ventanas, Vinces. Guayas (4 cantones): Balzar, El Empalme, Palestina, Alfredo Baquerizo Moreno. Bol\u00edvar (3 cantones): Caluma, Las Naves, Echeand\u00eda. <\/span><\/span><\/span><\/p>\n<p lang=\"es-ES\" style=\"text-align: justify;\" align=\"JUSTIFY\"><span style=\"color: #000109;\"><span style=\"font-family: Calibri,sans-serif;\"><span style=\"font-size: medium;\">En el Ecuador se generan 4\u00b4139.512 toneladas al a\u00f1o. El 80% de los GADs producen menos de 50 toneladas al d\u00eda. Existen 16 mancomunidades legalmente constituidas para la gesti\u00f3n integral de residuos s\u00f3lidos en el Ecuador. <\/span><\/span><\/span><\/p>\n<p lang=\"es-ES\" style=\"text-align: justify;\" align=\"JUSTIFY\"><a href=\"http:\/\/www.ambienteyenergia.gob.ec\/ambiente\/wp-content\/uploads\/2014\/06\/Di\u0301a-Mundial-del-Medio-Ambiente.png\"><img loading=\"lazy\" decoding=\"async\" class=\"aligncenter size-large wp-image-20607\" alt=\"Di\u0301a Mundial del Medio Ambiente\" src=\"http:\/\/www.ambienteyenergia.gob.ec\/ambiente\/wp-content\/uploads\/2014\/06\/Di\u0301a-Mundial-del-Medio-Ambiente-1024x639.png\" width=\"584\" height=\"364\" srcset=\"https:\/\/www.ambienteyenergia.gob.ec\/ambiente\/wp-content\/uploads\/sites\/2\/2014\/06\/Di\u0301a-Mundial-del-Medio-Ambiente-1024x639.png 1024w, https:\/\/www.ambienteyenergia.gob.ec\/ambiente\/wp-content\/uploads\/sites\/2\/2014\/06\/Di\u0301a-Mundial-del-Medio-Ambiente-300x187.png 300w, https:\/\/www.ambienteyenergia.gob.ec\/ambiente\/wp-content\/uploads\/sites\/2\/2014\/06\/Di\u0301a-Mundial-del-Medio-Ambiente-480x300.png 480w, https:\/\/www.ambienteyenergia.gob.ec\/ambiente\/wp-content\/uploads\/sites\/2\/2014\/06\/Di\u0301a-Mundial-del-Medio-Ambiente.png 1140w\" sizes=\"auto, (max-width: 584px) 100vw, 584px\" \/><\/a><\/p>\n","protected":false},"excerpt":{"rendered":"<p class=\"excerpt\">El 15 de diciembre de 1972 la Asamblea general de las Naciones Unidas en su resoluci\u00f3n XXVII estableci\u00f3 al 5 de junio como el D\u00eda Mundial del Medio Ambiente, ya que en la conferencia de Estocolmo, Suecia el tema central a tratar fue el Ambiente. Es en este contexto que el Gobierno de la Revoluci\u00f3n Ciudadana, a trav\u00e9s del Ministerio&hellip; <a href=\"https:\/\/www.ambienteyenergia.gob.ec\/ambiente\/mae-celebra-el-dia-mundial-del-ambiente-con-proyectos-emblematicos-a-nivel-nacional\/\">Read more &rarr;<\/a><\/p>\n","protected":false},"author":13,"featured_media":20233,"comment_status":"open","ping_status":"open","sticky":false,"template":"","format":"standard","meta":{"footnotes":""},"categories":[16,4],"tags":[],"class_list":["post-20606","post","type-post","status-publish","format-standard","has-post-thumbnail","hentry","category-comunicamos","category-noticias","xfolkentry"],"_links":{"self":[{"href":"https:\/\/www.ambienteyenergia.gob.ec\/ambiente\/wp-json\/wp\/v2\/posts\/20606","targetHints":{"allow":["GET"]}}],"collection":[{"href":"https:\/\/www.ambienteyenergia.gob.ec\/ambiente\/wp-json\/wp\/v2\/posts"}],"about":[{"href":"https:\/\/www.ambienteyenergia.gob.ec\/ambiente\/wp-json\/wp\/v2\/types\/post"}],"author":[{"embeddable":true,"href":"https:\/\/www.ambienteyenergia.gob.ec\/ambiente\/wp-json\/wp\/v2\/users\/13"}],"replies":[{"embeddable":true,"href":"https:\/\/www.ambienteyenergia.gob.ec\/ambiente\/wp-json\/wp\/v2\/comments?post=20606"}],"version-history":[{"count":0,"href":"https:\/\/www.ambienteyenergia.gob.ec\/ambiente\/wp-json\/wp\/v2\/posts\/20606\/revisions"}],"wp:featuredmedia":[{"embeddable":true,"href":"https:\/\/www.ambienteyenergia.gob.ec\/ambiente\/wp-json\/wp\/v2\/media\/20233"}],"wp:attachment":[{"href":"https:\/\/www.ambienteyenergia.gob.ec\/ambiente\/wp-json\/wp\/v2\/media?parent=20606"}],"wp:term":[{"taxonomy":"category","embeddable":true,"href":"https:\/\/www.ambienteyenergia.gob.ec\/ambiente\/wp-json\/wp\/v2\/categories?post=20606"},{"taxonomy":"post_tag","embeddable":true,"href":"https:\/\/www.ambienteyenergia.gob.ec\/ambiente\/wp-json\/wp\/v2\/tags?post=20606"}],"curies":[{"name":"wp","href":"https:\/\/api.w.org\/{rel}","templated":true}]}}