{"id":20603,"date":"2014-06-05T13:03:51","date_gmt":"2014-06-05T18:03:51","guid":{"rendered":"http:\/\/www.ambiente.gob.ec\/?p=20603"},"modified":"2014-06-05T13:03:51","modified_gmt":"2014-06-05T18:03:51","slug":"mae-napo-conmemoro-el-dia-del-ambiente-con-cientos-de-ninos","status":"publish","type":"post","link":"https:\/\/www.ambienteyenergia.gob.ec\/ambiente\/mae-napo-conmemoro-el-dia-del-ambiente-con-cientos-de-ninos\/","title":{"rendered":"MAE Napo conmemor\u00f3 el D\u00eda del Ambiente con cientos de ni\u00f1os"},"content":{"rendered":"<p style=\"text-align: justify;\">Alrededor de 300 ni\u00f1os de quinto a\u00f1o de educaci\u00f3n b\u00e1sica, de los centros educativos de la ciudad de Tena, asistieron a la obra de teatro \u201cEl Tesoro de la Monta\u00f1a\u201d, presentada por el Ministerio del Ambiente (MAE), en la Federaci\u00f3n Deportiva Provincial de Napo, en conmemoraci\u00f3n del D\u00eda Mundial del Ambiente.<\/p>\n<p style=\"text-align: justify;\">A esta actividad desarrollada el pasado 03 de junio, en coordinaci\u00f3n con la Empresa Hidroel\u00e9ctrica COCASINCLAIR EP y la Cooperaci\u00f3n Alemana GIZ, se sum\u00f3 el lanzamiento de la Campa\u00f1a \u201cPonte Pilas\u201d, enfocada en la concienciaci\u00f3n para la disposici\u00f3n adecuada de las pilas usadas.<\/p>\n<p style=\"text-align: justify;\">En el evento, participaron autoridades y t\u00e9cnicos de la Direcci\u00f3n Provincial de Ambiente de Napo, y representantes de las instituciones cooperantes, y de las escuelas San Jos\u00e9, Jos\u00e9 Pel\u00e1ez y Ciudad de Tena.<\/p>\n<p style=\"text-align: justify;\">\u00c9stas son algunas de las acciones que esta Cartera de Estado, como principal organismo rector de las pol\u00edticas ambientales del Ecuador, realiza con el objetivo de fortalecer la Educaci\u00f3n Ambiental de la provincia amaz\u00f3nica y de todo \u00a0el pa\u00eds.<\/p>\n","protected":false},"excerpt":{"rendered":"<p class=\"excerpt\">Alrededor de 300 ni\u00f1os de quinto a\u00f1o de educaci\u00f3n b\u00e1sica, de los centros educativos de la ciudad de Tena, asistieron a la obra de teatro \u201cEl Tesoro de la Monta\u00f1a\u201d, presentada por el Ministerio del Ambiente (MAE), en la Federaci\u00f3n Deportiva Provincial de Napo, en conmemoraci\u00f3n del D\u00eda Mundial del Ambiente. A esta actividad desarrollada el pasado 03 de junio,&hellip; <a href=\"https:\/\/www.ambienteyenergia.gob.ec\/ambiente\/mae-napo-conmemoro-el-dia-del-ambiente-con-cientos-de-ninos\/\">Read more &rarr;<\/a><\/p>\n","protected":false},"author":13,"featured_media":20604,"comment_status":"open","ping_status":"open","sticky":false,"template":"","format":"standard","meta":{"footnotes":""},"categories":[16,4],"tags":[],"class_list":["post-20603","post","type-post","status-publish","format-standard","has-post-thumbnail","hentry","category-comunicamos","category-noticias","xfolkentry"],"_links":{"self":[{"href":"https:\/\/www.ambienteyenergia.gob.ec\/ambiente\/wp-json\/wp\/v2\/posts\/20603","targetHints":{"allow":["GET"]}}],"collection":[{"href":"https:\/\/www.ambienteyenergia.gob.ec\/ambiente\/wp-json\/wp\/v2\/posts"}],"about":[{"href":"https:\/\/www.ambienteyenergia.gob.ec\/ambiente\/wp-json\/wp\/v2\/types\/post"}],"author":[{"embeddable":true,"href":"https:\/\/www.ambienteyenergia.gob.ec\/ambiente\/wp-json\/wp\/v2\/users\/13"}],"replies":[{"embeddable":true,"href":"https:\/\/www.ambienteyenergia.gob.ec\/ambiente\/wp-json\/wp\/v2\/comments?post=20603"}],"version-history":[{"count":0,"href":"https:\/\/www.ambienteyenergia.gob.ec\/ambiente\/wp-json\/wp\/v2\/posts\/20603\/revisions"}],"wp:featuredmedia":[{"embeddable":true,"href":"https:\/\/www.ambienteyenergia.gob.ec\/ambiente\/wp-json\/wp\/v2\/media\/20604"}],"wp:attachment":[{"href":"https:\/\/www.ambienteyenergia.gob.ec\/ambiente\/wp-json\/wp\/v2\/media?parent=20603"}],"wp:term":[{"taxonomy":"category","embeddable":true,"href":"https:\/\/www.ambienteyenergia.gob.ec\/ambiente\/wp-json\/wp\/v2\/categories?post=20603"},{"taxonomy":"post_tag","embeddable":true,"href":"https:\/\/www.ambienteyenergia.gob.ec\/ambiente\/wp-json\/wp\/v2\/tags?post=20603"}],"curies":[{"name":"wp","href":"https:\/\/api.w.org\/{rel}","templated":true}]}}