{"id":20600,"date":"2014-06-05T11:36:37","date_gmt":"2014-06-05T16:36:37","guid":{"rendered":"http:\/\/www.ambiente.gob.ec\/?p=20600"},"modified":"2014-06-05T11:36:37","modified_gmt":"2014-06-05T16:36:37","slug":"mae-conmemora-el-dia-del-ambiente-con-una-charla-sobre-calidad-de-aire-en-imbabura","status":"publish","type":"post","link":"https:\/\/www.ambienteyenergia.gob.ec\/ambiente\/mae-conmemora-el-dia-del-ambiente-con-una-charla-sobre-calidad-de-aire-en-imbabura\/","title":{"rendered":"MAE conmemora el D\u00eda del Ambiente con una charla sobre Calidad de Aire en Imbabura"},"content":{"rendered":"<p style=\"text-align: justify;\">El Ministerio del Ambiente de Ecuador (MAE), por medio de la Direcci\u00f3n Provincial del Ambiente de Imbabura, a trav\u00e9s de la Unidad de Calidad Ambiental, en el marco de la conmemoraci\u00f3n del D\u00eda del Mundial del Ambiente organiz\u00f3 una Conferencia sobre Calidad del Aire a los estudiantes y docentes de la Universidad del Norte.<\/p>\n<p>Esta actividad se la realiz\u00f3 en el auditorio de este establecimiento educativo con la participaci\u00f3n de 90 estudiantes de la Carrera de Ingenier\u00eda en Recursos Naturales Renovables.<\/p>\n<p>Los expositores fueron la Dra. Ruth Molina del Programa de Calidad de Aire del Ministerio del Ambiente y el Ing. Roberto Ortega del Departamento de Gesti\u00f3n Ambiental del GAD de Ibarra, los cuales satisficieron las inquietudes que tuvieron los asistentes al evento.<\/p>\n","protected":false},"excerpt":{"rendered":"<p class=\"excerpt\">El Ministerio del Ambiente de Ecuador (MAE), por medio de la Direcci\u00f3n Provincial del Ambiente de Imbabura, a trav\u00e9s de la Unidad de Calidad Ambiental, en el marco de la conmemoraci\u00f3n del D\u00eda del Mundial del Ambiente organiz\u00f3 una Conferencia sobre Calidad del Aire a los estudiantes y docentes de la Universidad del Norte. Esta actividad se la realiz\u00f3 en&hellip; <a href=\"https:\/\/www.ambienteyenergia.gob.ec\/ambiente\/mae-conmemora-el-dia-del-ambiente-con-una-charla-sobre-calidad-de-aire-en-imbabura\/\">Read more &rarr;<\/a><\/p>\n","protected":false},"author":13,"featured_media":20601,"comment_status":"open","ping_status":"open","sticky":false,"template":"","format":"standard","meta":{"footnotes":""},"categories":[16,4],"tags":[],"class_list":["post-20600","post","type-post","status-publish","format-standard","has-post-thumbnail","hentry","category-comunicamos","category-noticias","xfolkentry"],"_links":{"self":[{"href":"https:\/\/www.ambienteyenergia.gob.ec\/ambiente\/wp-json\/wp\/v2\/posts\/20600","targetHints":{"allow":["GET"]}}],"collection":[{"href":"https:\/\/www.ambienteyenergia.gob.ec\/ambiente\/wp-json\/wp\/v2\/posts"}],"about":[{"href":"https:\/\/www.ambienteyenergia.gob.ec\/ambiente\/wp-json\/wp\/v2\/types\/post"}],"author":[{"embeddable":true,"href":"https:\/\/www.ambienteyenergia.gob.ec\/ambiente\/wp-json\/wp\/v2\/users\/13"}],"replies":[{"embeddable":true,"href":"https:\/\/www.ambienteyenergia.gob.ec\/ambiente\/wp-json\/wp\/v2\/comments?post=20600"}],"version-history":[{"count":0,"href":"https:\/\/www.ambienteyenergia.gob.ec\/ambiente\/wp-json\/wp\/v2\/posts\/20600\/revisions"}],"wp:featuredmedia":[{"embeddable":true,"href":"https:\/\/www.ambienteyenergia.gob.ec\/ambiente\/wp-json\/wp\/v2\/media\/20601"}],"wp:attachment":[{"href":"https:\/\/www.ambienteyenergia.gob.ec\/ambiente\/wp-json\/wp\/v2\/media?parent=20600"}],"wp:term":[{"taxonomy":"category","embeddable":true,"href":"https:\/\/www.ambienteyenergia.gob.ec\/ambiente\/wp-json\/wp\/v2\/categories?post=20600"},{"taxonomy":"post_tag","embeddable":true,"href":"https:\/\/www.ambienteyenergia.gob.ec\/ambiente\/wp-json\/wp\/v2\/tags?post=20600"}],"curies":[{"name":"wp","href":"https:\/\/api.w.org\/{rel}","templated":true}]}}