{"id":20596,"date":"2014-06-05T09:05:22","date_gmt":"2014-06-05T14:05:22","guid":{"rendered":"http:\/\/www.ambiente.gob.ec\/?p=20596"},"modified":"2014-06-05T09:05:22","modified_gmt":"2014-06-05T14:05:22","slug":"avanza-la-implementacion-del-sistema-de-riego-por-aspersion-en-la-micro-cuenca-de-santo-thomas","status":"publish","type":"post","link":"https:\/\/www.ambienteyenergia.gob.ec\/ambiente\/avanza-la-implementacion-del-sistema-de-riego-por-aspersion-en-la-micro-cuenca-de-santo-thomas\/","title":{"rendered":"Avanza la implementaci\u00f3n del sistema de riego por aspersi\u00f3n en la micro-cuenca de Santo Thom\u00e1s"},"content":{"rendered":"<p style=\"text-align: justify;\">En base a la necesidad de implementar medidas de adaptaci\u00f3n al cambio clim\u00e1tico, el Gobierno Aut\u00f3nomo Descentralizado (GAD) de Victoria del Portete, a trav\u00e9s de la implementaci\u00f3n del proyecto \u201cConstrucci\u00f3n del sistema de riego por aspersi\u00f3n para el \u00e1rea de influencia de la micro-cuenca de Santo Thom\u00e1s\u201d.<\/p>\n<p style=\"text-align: justify;\">\nEl Ministerio de Ambiente del Ecuador (MAE), a trav\u00e9s de la subsecretaria de Cambio Clim\u00e1tico y su Proyecto de Adaptaci\u00f3n al Cambio Clim\u00e1tico (PACC) viene implementando desde el a\u00f1o 2010 veinte iniciativas de financiamiento comunitario en las cuencas m\u00e1s vulnerables a los riesgos clim\u00e1ticos a nivel del pa\u00eds.<\/p>\n<p style=\"text-align: justify;\">\nEl GAD ha sido beneficiado en las dos convocatorias realizadas por su capacidad de gesti\u00f3n y la necesidad de implementar medidas de adaptaci\u00f3n al cambio clim\u00e1tico en su territorio.<\/p>\n<p style=\"text-align: justify;\">\nLos cuatro reservorios, previstos para su construcci\u00f3n, almacenar\u00e1n alrededor de 17 000 metros c\u00fabicos de agua que beneficiar\u00e1n directamente a 110 familias de tres comunidades rurales de la zona. Seg\u00fan los estudios previos realizados a la construcci\u00f3n de la obra se abastecer\u00e1 de agua para riego a los beneficiarios por dos meses en caso de sequ\u00eda.<\/p>\n<p style=\"text-align: justify;\">\nActualmente la prefectura del Azuay facilita personal para la construcci\u00f3n de la captaci\u00f3n y el embonado de la tuber\u00eda en esta fase del proyecto.<\/p>\n","protected":false},"excerpt":{"rendered":"<p class=\"excerpt\">En base a la necesidad de implementar medidas de adaptaci\u00f3n al cambio clim\u00e1tico, el Gobierno Aut\u00f3nomo Descentralizado (GAD) de Victoria del Portete, a trav\u00e9s de la implementaci\u00f3n del proyecto \u201cConstrucci\u00f3n del sistema de riego por aspersi\u00f3n para el \u00e1rea de influencia de la micro-cuenca de Santo Thom\u00e1s\u201d. El Ministerio de Ambiente del Ecuador (MAE), a trav\u00e9s de la subsecretaria de&hellip; <a href=\"https:\/\/www.ambienteyenergia.gob.ec\/ambiente\/avanza-la-implementacion-del-sistema-de-riego-por-aspersion-en-la-micro-cuenca-de-santo-thomas\/\">Read more &rarr;<\/a><\/p>\n","protected":false},"author":13,"featured_media":20597,"comment_status":"open","ping_status":"open","sticky":false,"template":"","format":"standard","meta":{"footnotes":""},"categories":[16,4],"tags":[],"class_list":["post-20596","post","type-post","status-publish","format-standard","has-post-thumbnail","hentry","category-comunicamos","category-noticias","xfolkentry"],"_links":{"self":[{"href":"https:\/\/www.ambienteyenergia.gob.ec\/ambiente\/wp-json\/wp\/v2\/posts\/20596","targetHints":{"allow":["GET"]}}],"collection":[{"href":"https:\/\/www.ambienteyenergia.gob.ec\/ambiente\/wp-json\/wp\/v2\/posts"}],"about":[{"href":"https:\/\/www.ambienteyenergia.gob.ec\/ambiente\/wp-json\/wp\/v2\/types\/post"}],"author":[{"embeddable":true,"href":"https:\/\/www.ambienteyenergia.gob.ec\/ambiente\/wp-json\/wp\/v2\/users\/13"}],"replies":[{"embeddable":true,"href":"https:\/\/www.ambienteyenergia.gob.ec\/ambiente\/wp-json\/wp\/v2\/comments?post=20596"}],"version-history":[{"count":0,"href":"https:\/\/www.ambienteyenergia.gob.ec\/ambiente\/wp-json\/wp\/v2\/posts\/20596\/revisions"}],"wp:featuredmedia":[{"embeddable":true,"href":"https:\/\/www.ambienteyenergia.gob.ec\/ambiente\/wp-json\/wp\/v2\/media\/20597"}],"wp:attachment":[{"href":"https:\/\/www.ambienteyenergia.gob.ec\/ambiente\/wp-json\/wp\/v2\/media?parent=20596"}],"wp:term":[{"taxonomy":"category","embeddable":true,"href":"https:\/\/www.ambienteyenergia.gob.ec\/ambiente\/wp-json\/wp\/v2\/categories?post=20596"},{"taxonomy":"post_tag","embeddable":true,"href":"https:\/\/www.ambienteyenergia.gob.ec\/ambiente\/wp-json\/wp\/v2\/tags?post=20596"}],"curies":[{"name":"wp","href":"https:\/\/api.w.org\/{rel}","templated":true}]}}