{"id":20589,"date":"2014-06-04T19:57:00","date_gmt":"2014-06-05T00:57:00","guid":{"rendered":"http:\/\/www.ambiente.gob.ec\/?p=20589"},"modified":"2014-06-04T23:00:21","modified_gmt":"2014-06-05T04:00:21","slug":"mae-suscribio-convenio-interinstitucional-de-reforestacion","status":"publish","type":"post","link":"https:\/\/www.ambienteyenergia.gob.ec\/ambiente\/mae-suscribio-convenio-interinstitucional-de-reforestacion\/","title":{"rendered":"MAE suscribi\u00f3 convenio Interinstitucional de reforestaci\u00f3n"},"content":{"rendered":"<p style=\"text-align: justify;\">El Ministerio del Ambiente (MAE), firm\u00f3 un convenio de cooperaci\u00f3n\u00a0 interinstitucional con la Corporaci\u00f3n Forestal y Ambiental de Manab\u00ed (CORFAM), entidad adscrita al Gobierno Provincial, con el objetivo\u00a0 de reforestar aproximadamente 8 mil hect\u00e1reas en varios sectores de la provincia.<\/p>\n<p style=\"text-align: justify;\">Una de las atribuciones del Ministerio del Ambiente de acuerdo a lo que establece la Ley Forestal y Conservaci\u00f3n de \u00e1reas naturales y vida silvestre, es la de elaborar y ejecutar planes, programas y proyectos para el desarrollo del subsector, en los campos de forestaci\u00f3n, investigaci\u00f3n, explotaci\u00f3n, manejo y protecci\u00f3n de bosques naturales y plantados, cuencas hidrogr\u00e1ficas, \u00e1reas naturales y vida silvestre.<\/p>\n<p style=\"text-align: justify;\">El proyecto financiado por el MAE y con finalidad social busca promocionar, aprobar, financiar, evaluar y sobre todo ejecutar proyectos que aporten a la conservaci\u00f3n ambiental. En este pueden participar propietarios de terrenos que quieran incorporarlos al tema de restauraci\u00f3n o reforestaci\u00f3n.<\/p>\n<p style=\"text-align: justify;\">Con ello, se podr\u00e1 consolidar toda la estrategia de implementaci\u00f3n\u00a0 que tiene el plan de restauraci\u00f3n a nivel nacional con los Gobiernos Aut\u00f3nomos Descentralizados principalmente los gobiernos parroquiales, as\u00ed como los provinciales que son actores claves de compartir estas competencias con el MAE.<\/p>\n<p style=\"text-align: justify;\">Convenios similares se firmaron en otras provincias tratando de lograr esta meta que es hist\u00f3rica y que representa un cambio para el pa\u00eds. estas acciones son parte del Programa Nacional de Reforestaci\u00f3n Forestal con fines de protecci\u00f3n, conservaci\u00f3n e integraci\u00f3n de diversas especies nativas para lograr un desarrollo sustentable y sostenible en armon\u00eda con el ambiente.<\/p>\n<p style=\"text-align: justify;\">Para este compromiso ambiental se utilizar\u00e1n especies end\u00e9micas y se trabajar\u00e1 en conjunto con los moradores del sector .<\/p>\n<p style=\"text-align: justify;\">\n","protected":false},"excerpt":{"rendered":"<p class=\"excerpt\">El Ministerio del Ambiente (MAE), firm\u00f3 un convenio de cooperaci\u00f3n\u00a0 interinstitucional con la Corporaci\u00f3n Forestal y Ambiental de Manab\u00ed (CORFAM), entidad adscrita al Gobierno Provincial, con el objetivo\u00a0 de reforestar aproximadamente 8 mil hect\u00e1reas en varios sectores de la provincia. Una de las atribuciones del Ministerio del Ambiente de acuerdo a lo que establece la Ley Forestal y Conservaci\u00f3n de&hellip; <a href=\"https:\/\/www.ambienteyenergia.gob.ec\/ambiente\/mae-suscribio-convenio-interinstitucional-de-reforestacion\/\">Read more &rarr;<\/a><\/p>\n","protected":false},"author":13,"featured_media":20590,"comment_status":"open","ping_status":"open","sticky":false,"template":"","format":"standard","meta":{"footnotes":""},"categories":[16,4],"tags":[],"class_list":["post-20589","post","type-post","status-publish","format-standard","has-post-thumbnail","hentry","category-comunicamos","category-noticias","xfolkentry"],"_links":{"self":[{"href":"https:\/\/www.ambienteyenergia.gob.ec\/ambiente\/wp-json\/wp\/v2\/posts\/20589","targetHints":{"allow":["GET"]}}],"collection":[{"href":"https:\/\/www.ambienteyenergia.gob.ec\/ambiente\/wp-json\/wp\/v2\/posts"}],"about":[{"href":"https:\/\/www.ambienteyenergia.gob.ec\/ambiente\/wp-json\/wp\/v2\/types\/post"}],"author":[{"embeddable":true,"href":"https:\/\/www.ambienteyenergia.gob.ec\/ambiente\/wp-json\/wp\/v2\/users\/13"}],"replies":[{"embeddable":true,"href":"https:\/\/www.ambienteyenergia.gob.ec\/ambiente\/wp-json\/wp\/v2\/comments?post=20589"}],"version-history":[{"count":0,"href":"https:\/\/www.ambienteyenergia.gob.ec\/ambiente\/wp-json\/wp\/v2\/posts\/20589\/revisions"}],"wp:featuredmedia":[{"embeddable":true,"href":"https:\/\/www.ambienteyenergia.gob.ec\/ambiente\/wp-json\/wp\/v2\/media\/20590"}],"wp:attachment":[{"href":"https:\/\/www.ambienteyenergia.gob.ec\/ambiente\/wp-json\/wp\/v2\/media?parent=20589"}],"wp:term":[{"taxonomy":"category","embeddable":true,"href":"https:\/\/www.ambienteyenergia.gob.ec\/ambiente\/wp-json\/wp\/v2\/categories?post=20589"},{"taxonomy":"post_tag","embeddable":true,"href":"https:\/\/www.ambienteyenergia.gob.ec\/ambiente\/wp-json\/wp\/v2\/tags?post=20589"}],"curies":[{"name":"wp","href":"https:\/\/api.w.org\/{rel}","templated":true}]}}