{"id":20586,"date":"2014-06-04T22:23:58","date_gmt":"2014-06-05T03:23:58","guid":{"rendered":"http:\/\/www.ambiente.gob.ec\/?p=20586"},"modified":"2014-06-05T08:44:54","modified_gmt":"2014-06-05T13:44:54","slug":"mae-tungurahua-celebro-dia-del-ambiente-con-jornadas-de-concienciacion-y-sensibilizacion","status":"publish","type":"post","link":"https:\/\/www.ambienteyenergia.gob.ec\/ambiente\/mae-tungurahua-celebro-dia-del-ambiente-con-jornadas-de-concienciacion-y-sensibilizacion\/","title":{"rendered":"MAE Tungurahua celebr\u00f3 &#8216;D\u00eda del Ambiente&#8217; con jornadas de concienciaci\u00f3n y sensibilizaci\u00f3n"},"content":{"rendered":"<p style=\"text-align: justify;\">El Ministerio del Ambiente (MAE), a trav\u00e9s de la Direcci\u00f3n Provincial de Tungurahua, realiz\u00f3, una Sesi\u00f3n Solemne, en conmemoraci\u00f3n del D\u00eda Mundial del Ambiente, celebrado cada 05 de junio, desde 1973, como parte de las acciones de protecci\u00f3n y conservaci\u00f3n de la naturaleza.<\/p>\n<p style=\"text-align: justify;\">En este evento particip\u00f3 la Viceministra del Ambiente, Lorena S\u00e1nchez en representaci\u00f3n de la M\u00e1xima Autoridad Ambiental, Lorena Tapia, junto con delegados de los diferentes Gobiernos Aut\u00f3nomos de la Provincia, C\u00e1mara de Industriales, Medios de Comunicaci\u00f3n y Centros de Rescate de Vida Silvestre, quienes adem\u00e1s recibieron el Reconocimiento P\u00fablico a la Contribuci\u00f3n dentro de Iniciativas Ambientales.<\/p>\n<p style=\"text-align: justify;\">Estas actividades iniciaron ayer con el Foro T\u00e9cnico, en el auditorio de la Facultad de Administraci\u00f3n de la Universidad T\u00e9cnica de Ambato, a partir de las 8:00. Los temas que se trataron fueron la restauraci\u00f3n forestal, el tratamiento de desechos y aguas residuales, los sistemas de tratamiento de aguas industriales a trav\u00e9s de lodos activados, las experiencias de sistemas de tratamiento en actividades industriales, el uso, manejo y aprovechamiento del caucho, y el cambio clim\u00e1tico.<\/p>\n<p style=\"text-align: justify;\">En su intervenci\u00f3n, S\u00e1nchez resalt\u00f3 la labor conjunta de diferentes actores sociales en el marco del mejoramiento ambiental, adem\u00e1s de la construcci\u00f3n de estructuras sostenibles. \u201ctodos quienes somos parte de este maravilloso pa\u00eds, gracias a la voluntad pol\u00edtica del gobierno nacional, asumimos el reto de propagar y velar por el cumplimiento de una nueva forma de convivencia ciudadana, en diversidad y armon\u00eda con la naturaleza, para alcanzar el Buen Vivir, el Sumak Kawsay\u201d<\/p>\n<p style=\"text-align: justify;\">En la jornada de este mi\u00e9rcoles el MAE otorg\u00f3 reconocimientos a 49 instituciones, personas naturales y jur\u00eddicas involucradas en la conservaci\u00f3n y el uso responsable de los recursos naturales. Adem\u00e1s, entreg\u00f3 certificados a los Ecotalleristas de la parroquia El Triunfo.<\/p>\n<p style=\"text-align: justify;\">\u201cEl Ministerio del Ambiente, demuestra diariamente la importancia y preponderancia que tiene el cuidado y protecci\u00f3n del ambiente en todos los aspectos de desarrollo de nuestro pa\u00eds. Es posible un desarrollo sostenible, es posible avanzar y proteger nuestro entorno para lograr esa fusi\u00f3n clave entre hombre y naturaleza\u201d, asegur\u00f3 la Viceministra.<\/p>\n<p style=\"text-align: justify;\">Este reconocimiento se lo entrega con el objetivo de incentivar la labor de quienes vienen ejecutando, a trav\u00e9s del cumplimiento de la normativa ambiental vigente, el trabajo de conservaci\u00f3n, protecci\u00f3n de vida silvestre y la implementaci\u00f3n de iniciativas ambientales que mejoren procesos industriales, en el marco de un Ecuador Verde.<\/p>\n<p style=\"text-align: justify;\">Esta Cartera de Estado, en el marco de la Celebraci\u00f3n por el D\u00eda Mundial del Ambiente, tiene previsto realizar diferentes actividades a nivel nacional, con el fin de involucrar m\u00e1s sectores de la poblaci\u00f3n a que se unan a esta gran cruzada por nuestro patrimonio natural.<\/p>\n","protected":false},"excerpt":{"rendered":"<p class=\"excerpt\">El Ministerio del Ambiente (MAE), a trav\u00e9s de la Direcci\u00f3n Provincial de Tungurahua, realiz\u00f3, una Sesi\u00f3n Solemne, en conmemoraci\u00f3n del D\u00eda Mundial del Ambiente, celebrado cada 05 de junio, desde 1973, como parte de las acciones de protecci\u00f3n y conservaci\u00f3n de la naturaleza. En este evento particip\u00f3 la Viceministra del Ambiente, Lorena S\u00e1nchez en representaci\u00f3n de la M\u00e1xima Autoridad Ambiental,&hellip; <a href=\"https:\/\/www.ambienteyenergia.gob.ec\/ambiente\/mae-tungurahua-celebro-dia-del-ambiente-con-jornadas-de-concienciacion-y-sensibilizacion\/\">Read more &rarr;<\/a><\/p>\n","protected":false},"author":13,"featured_media":20587,"comment_status":"open","ping_status":"open","sticky":false,"template":"","format":"standard","meta":{"footnotes":""},"categories":[16,4],"tags":[510,108,53,102],"class_list":["post-20586","post","type-post","status-publish","format-standard","has-post-thumbnail","hentry","category-comunicamos","category-noticias","tag-dia-del-ambiente","tag-lorena-tapia","tag-mae","tag-tungurahua","xfolkentry"],"_links":{"self":[{"href":"https:\/\/www.ambienteyenergia.gob.ec\/ambiente\/wp-json\/wp\/v2\/posts\/20586","targetHints":{"allow":["GET"]}}],"collection":[{"href":"https:\/\/www.ambienteyenergia.gob.ec\/ambiente\/wp-json\/wp\/v2\/posts"}],"about":[{"href":"https:\/\/www.ambienteyenergia.gob.ec\/ambiente\/wp-json\/wp\/v2\/types\/post"}],"author":[{"embeddable":true,"href":"https:\/\/www.ambienteyenergia.gob.ec\/ambiente\/wp-json\/wp\/v2\/users\/13"}],"replies":[{"embeddable":true,"href":"https:\/\/www.ambienteyenergia.gob.ec\/ambiente\/wp-json\/wp\/v2\/comments?post=20586"}],"version-history":[{"count":0,"href":"https:\/\/www.ambienteyenergia.gob.ec\/ambiente\/wp-json\/wp\/v2\/posts\/20586\/revisions"}],"wp:featuredmedia":[{"embeddable":true,"href":"https:\/\/www.ambienteyenergia.gob.ec\/ambiente\/wp-json\/wp\/v2\/media\/20587"}],"wp:attachment":[{"href":"https:\/\/www.ambienteyenergia.gob.ec\/ambiente\/wp-json\/wp\/v2\/media?parent=20586"}],"wp:term":[{"taxonomy":"category","embeddable":true,"href":"https:\/\/www.ambienteyenergia.gob.ec\/ambiente\/wp-json\/wp\/v2\/categories?post=20586"},{"taxonomy":"post_tag","embeddable":true,"href":"https:\/\/www.ambienteyenergia.gob.ec\/ambiente\/wp-json\/wp\/v2\/tags?post=20586"}],"curies":[{"name":"wp","href":"https:\/\/api.w.org\/{rel}","templated":true}]}}