{"id":20581,"date":"2014-06-04T16:50:47","date_gmt":"2014-06-04T21:50:47","guid":{"rendered":"http:\/\/www.ambiente.gob.ec\/?p=20581"},"modified":"2014-06-04T16:50:47","modified_gmt":"2014-06-04T21:50:47","slug":"foro-tecnico-ambiental-se-desarrollo-en-ambato-como-parte-de-la-celebracion-del-dia-del-ambiente","status":"publish","type":"post","link":"https:\/\/www.ambienteyenergia.gob.ec\/ambiente\/foro-tecnico-ambiental-se-desarrollo-en-ambato-como-parte-de-la-celebracion-del-dia-del-ambiente\/","title":{"rendered":"&#8216;Foro T\u00e9cnico Ambiental&#8217; se desarroll\u00f3 en Ambato como parte de la celebraci\u00f3n del D\u00eda del Ambiente"},"content":{"rendered":"<p style=\"text-align: justify;\">El auditorio de la Facultad de Ciencias de Administraci\u00f3n de la Universidad T\u00e9cnica de Ambato fue el escenario en el cual se desarroll\u00f3 el &#8216;Foro T\u00e9cnico Ambiental&#8217; organizado por el Ministerio del Ambiente y al que asistieron alrededor de 50 personas tanto del sector industrial, estudiantes universitarios y representantes de los GAD municipales y provinciales de Tungurahua.<\/p>\n<p style=\"text-align: justify;\">La provincia dedicada a la actividad industrial a peque\u00f1a y mediana escala preocupada por la descontaminaci\u00f3n en cada uno de los\u00a0 procesos industriales requiere implementar tecnolog\u00eda que permita reducir los impactos ambientales.<\/p>\n<p style=\"text-align: justify;\">Es as\u00ed que en el marco del Foro T\u00e9cnico Ambiental\u00a0 se present\u00f3 temas innovadores tales como restauraci\u00f3n forestal, en donde se expuso sobre el tratamiento de desechos y aguas residuales; plantas de tratamiento y el sector curtidor, en el que se explic\u00f3 sobre los sistemas de tratamiento de aguas industriales a trav\u00e9s de lodos activados; sistemas de tratamiento en actividades industriales; uso, manejo y aprovechamiento del caucho y cambio clim\u00e1tico.<\/p>\n<p style=\"text-align: justify;\">Esta iniciativa es parte de los programas organizados en conmemoraci\u00f3n por el d\u00eda Mundial del Ambiente en la provincia de Tungurahua.<\/p>\n","protected":false},"excerpt":{"rendered":"<p class=\"excerpt\">El auditorio de la Facultad de Ciencias de Administraci\u00f3n de la Universidad T\u00e9cnica de Ambato fue el escenario en el cual se desarroll\u00f3 el &#8216;Foro T\u00e9cnico Ambiental&#8217; organizado por el Ministerio del Ambiente y al que asistieron alrededor de 50 personas tanto del sector industrial, estudiantes universitarios y representantes de los GAD municipales y provinciales de Tungurahua. La provincia dedicada&hellip; <a href=\"https:\/\/www.ambienteyenergia.gob.ec\/ambiente\/foro-tecnico-ambiental-se-desarrollo-en-ambato-como-parte-de-la-celebracion-del-dia-del-ambiente\/\">Read more &rarr;<\/a><\/p>\n","protected":false},"author":13,"featured_media":20582,"comment_status":"open","ping_status":"open","sticky":false,"template":"","format":"standard","meta":{"footnotes":""},"categories":[16,4],"tags":[],"class_list":["post-20581","post","type-post","status-publish","format-standard","has-post-thumbnail","hentry","category-comunicamos","category-noticias","xfolkentry"],"_links":{"self":[{"href":"https:\/\/www.ambienteyenergia.gob.ec\/ambiente\/wp-json\/wp\/v2\/posts\/20581","targetHints":{"allow":["GET"]}}],"collection":[{"href":"https:\/\/www.ambienteyenergia.gob.ec\/ambiente\/wp-json\/wp\/v2\/posts"}],"about":[{"href":"https:\/\/www.ambienteyenergia.gob.ec\/ambiente\/wp-json\/wp\/v2\/types\/post"}],"author":[{"embeddable":true,"href":"https:\/\/www.ambienteyenergia.gob.ec\/ambiente\/wp-json\/wp\/v2\/users\/13"}],"replies":[{"embeddable":true,"href":"https:\/\/www.ambienteyenergia.gob.ec\/ambiente\/wp-json\/wp\/v2\/comments?post=20581"}],"version-history":[{"count":0,"href":"https:\/\/www.ambienteyenergia.gob.ec\/ambiente\/wp-json\/wp\/v2\/posts\/20581\/revisions"}],"wp:featuredmedia":[{"embeddable":true,"href":"https:\/\/www.ambienteyenergia.gob.ec\/ambiente\/wp-json\/wp\/v2\/media\/20582"}],"wp:attachment":[{"href":"https:\/\/www.ambienteyenergia.gob.ec\/ambiente\/wp-json\/wp\/v2\/media?parent=20581"}],"wp:term":[{"taxonomy":"category","embeddable":true,"href":"https:\/\/www.ambienteyenergia.gob.ec\/ambiente\/wp-json\/wp\/v2\/categories?post=20581"},{"taxonomy":"post_tag","embeddable":true,"href":"https:\/\/www.ambienteyenergia.gob.ec\/ambiente\/wp-json\/wp\/v2\/tags?post=20581"}],"curies":[{"name":"wp","href":"https:\/\/api.w.org\/{rel}","templated":true}]}}