{"id":20577,"date":"2014-06-04T16:06:10","date_gmt":"2014-06-04T21:06:10","guid":{"rendered":"http:\/\/www.ambiente.gob.ec\/?p=20577"},"modified":"2014-06-04T16:06:10","modified_gmt":"2014-06-04T21:06:10","slug":"inician-proyectos-productivos-en-areas-protegidas","status":"publish","type":"post","link":"https:\/\/www.ambienteyenergia.gob.ec\/ambiente\/inician-proyectos-productivos-en-areas-protegidas\/","title":{"rendered":"Inician proyectos productivos en \u00e1reas protegidas"},"content":{"rendered":"<p style=\"text-align: justify;\"><i>16 iniciativas productivas en nueve \u00e1reas protegidas piloto, financiadas por el Mecanismo de Fondos Concursables del Proyecto de Sostenibilidad Financiera, inician su ejecuci\u00f3n con un taller que capacitar\u00e1 a las organizaciones implementadoras en temas administrativos, financieros y t\u00e9cnicos necesarios para realizar cada proyecto productivo sostenible.<\/i><\/p>\n<p style=\"text-align: justify;\"><i>\u00a0<\/i><\/p>\n<p style=\"text-align: justify;\">El Ministerio del Ambiente (MAE), el Programa de las Naciones Unidas para el Desarrollo (PNUD) y el Fondo Mundial para el Medio Ambiente Mundial (GEF), a trav\u00e9s del Proyecto de Sostenibilidad Financiera (PSF) para el Sistema Nacional de \u00c1reas Protegidas (SNAP), desarrollar\u00e1n el taller de arranque de los proyectos productivos que fueron seleccionados por el Mecanismo de Fondos Concursables del PSF.<\/p>\n<p style=\"text-align: justify;\">\n<p style=\"text-align: justify;\">El encuentro tendr\u00e1 lugar el pr\u00f3ximo 10 y 11 de junio de 2014, en la Casa de Espiritualidad Nuestra Se\u00f1ora de El Quinche, en Quito. En el evento participar\u00e1n los representantes legales, contadores y coordinadores de cada proyecto.<\/p>\n<p style=\"text-align: justify;\">\n<p style=\"text-align: justify;\">El taller tiene como prop\u00f3sito informar y capacitar a los participantes sobre la estructura, objetivos, enfoques y procedimientos administrativos y financieros del Mecanismo de Fondos Consursables, as\u00ed como, acordar los procedimientos de asistencia t\u00e9cnica, seguimiento y evaluaci\u00f3n por parte de la organizaci\u00f3n que realiza el acompa\u00f1amiento a cada iniciativa. Asimismo, se socializar\u00e1 la estrategia de comunicaci\u00f3n de cada proyecto.<\/p>\n<p style=\"text-align: justify;\">\n<p style=\"text-align: justify;\">Adem\u00e1s, esta actividad propiciar\u00e1 el intercambio de experiencias e informaci\u00f3n entre proyectos, con el fin de generar un trabajo coordinado y cooperativo entre las organizaciones de las \u00e1reas protegidas piloto ubicadas en los Parques Nacionales Cayambe Coca y Yasun\u00ed; las Reservas Ecol\u00f3gicas Los Ilinizas y Mache Chindul; las Reservas de Producci\u00f3n de Fauna Cuyabeno y Chimborazo; la Reserva Marina Galera San Francisco, la Reserva Privada Yunguilla en el Nodo Noroccidente de Pichincha; y, el Humedal La Tembladera en Santa Rosa, El Oro, como \u00e1rea de conservaci\u00f3n comunitaria.<\/p>\n<p style=\"text-align: justify;\">\n<p style=\"text-align: justify;\">Para conocer el listado de proyectos por \u00e1rea protegida puede ingresar al siguiente enlace: <a href=\"http:\/\/psfecuador.com\/el-mfc\/\">http:\/\/psfecuador.com\/el-mfc\/<\/a><\/p>\n<p style=\"text-align: justify;\">\n","protected":false},"excerpt":{"rendered":"<p class=\"excerpt\">16 iniciativas productivas en nueve \u00e1reas protegidas piloto, financiadas por el Mecanismo de Fondos Concursables del Proyecto de Sostenibilidad Financiera, inician su ejecuci\u00f3n con un taller que capacitar\u00e1 a las organizaciones implementadoras en temas administrativos, financieros y t\u00e9cnicos necesarios para realizar cada proyecto productivo sostenible. \u00a0 El Ministerio del Ambiente (MAE), el Programa de las Naciones Unidas para el Desarrollo&hellip; <a href=\"https:\/\/www.ambienteyenergia.gob.ec\/ambiente\/inician-proyectos-productivos-en-areas-protegidas\/\">Read more &rarr;<\/a><\/p>\n","protected":false},"author":13,"featured_media":20578,"comment_status":"open","ping_status":"open","sticky":false,"template":"","format":"standard","meta":{"footnotes":""},"categories":[16,4],"tags":[],"class_list":["post-20577","post","type-post","status-publish","format-standard","has-post-thumbnail","hentry","category-comunicamos","category-noticias","xfolkentry"],"_links":{"self":[{"href":"https:\/\/www.ambienteyenergia.gob.ec\/ambiente\/wp-json\/wp\/v2\/posts\/20577","targetHints":{"allow":["GET"]}}],"collection":[{"href":"https:\/\/www.ambienteyenergia.gob.ec\/ambiente\/wp-json\/wp\/v2\/posts"}],"about":[{"href":"https:\/\/www.ambienteyenergia.gob.ec\/ambiente\/wp-json\/wp\/v2\/types\/post"}],"author":[{"embeddable":true,"href":"https:\/\/www.ambienteyenergia.gob.ec\/ambiente\/wp-json\/wp\/v2\/users\/13"}],"replies":[{"embeddable":true,"href":"https:\/\/www.ambienteyenergia.gob.ec\/ambiente\/wp-json\/wp\/v2\/comments?post=20577"}],"version-history":[{"count":0,"href":"https:\/\/www.ambienteyenergia.gob.ec\/ambiente\/wp-json\/wp\/v2\/posts\/20577\/revisions"}],"wp:featuredmedia":[{"embeddable":true,"href":"https:\/\/www.ambienteyenergia.gob.ec\/ambiente\/wp-json\/wp\/v2\/media\/20578"}],"wp:attachment":[{"href":"https:\/\/www.ambienteyenergia.gob.ec\/ambiente\/wp-json\/wp\/v2\/media?parent=20577"}],"wp:term":[{"taxonomy":"category","embeddable":true,"href":"https:\/\/www.ambienteyenergia.gob.ec\/ambiente\/wp-json\/wp\/v2\/categories?post=20577"},{"taxonomy":"post_tag","embeddable":true,"href":"https:\/\/www.ambienteyenergia.gob.ec\/ambiente\/wp-json\/wp\/v2\/tags?post=20577"}],"curies":[{"name":"wp","href":"https:\/\/api.w.org\/{rel}","templated":true}]}}