{"id":20572,"date":"2014-06-04T15:38:13","date_gmt":"2014-06-04T20:38:13","guid":{"rendered":"http:\/\/www.ambiente.gob.ec\/?p=20572"},"modified":"2014-06-04T15:38:13","modified_gmt":"2014-06-04T20:38:13","slug":"mae-entrego-71-m3-de-madera-a-la-junta-parroquial-de-garcia-moreno-en-imbabura","status":"publish","type":"post","link":"https:\/\/www.ambienteyenergia.gob.ec\/ambiente\/mae-entrego-71-m3-de-madera-a-la-junta-parroquial-de-garcia-moreno-en-imbabura\/","title":{"rendered":"MAE entreg\u00f3 71 m3 de madera a la Junta Parroquial de Garc\u00eda Moreno en Imbabura"},"content":{"rendered":"<p style=\"text-align: justify;\">\n<p style=\"text-align: justify;\">Ayer, el Ministerio del Ambiente (MAE), en coordinaci\u00f3n con la Gobernaci\u00f3n de Imbabura, la Prefectura y el GAD de Cotacachi entreg\u00f3 71 m<sup>3<\/sup> de madera decomisada a la Junta Parroquial de Garc\u00eda Moreno. El producto forestal donado es resultado del Estado de Excepci\u00f3n decretado en Esmeraldas.<\/p>\n<p style=\"text-align: justify;\">\n<p style=\"text-align: justify;\">Esta donaci\u00f3n tiene como prop\u00f3sito ayudar a los afectados por las lluvias y deslaves que se producen en toda la zona de Intag, por la \u00e9poca invernal.<\/p>\n<p style=\"text-align: justify;\">\n<p style=\"text-align: justify;\">\u201cPara el Ministerio del Ambiente es una satisfacci\u00f3n muy grande poder ayudar de esta manera a los habitantes del sector\u201d, mencion\u00f3 Segundo Fuentes, Coordinador Zonal del Ambiente.<\/p>\n<p style=\"text-align: justify;\">\n<p style=\"text-align: justify;\">Con la participaci\u00f3n de t\u00e9cnicos del MAE y voluntarios del Servicio Civil Ciudadano se logr\u00f3 embarcar la madera en cinco camiones, para luego, entregarlo a los beneficiarios, quienes dar\u00e1n un buen uso a este material en proyectos comunitarios.<\/p>\n<p style=\"text-align: justify;\">\n","protected":false},"excerpt":{"rendered":"<p class=\"excerpt\">Ayer, el Ministerio del Ambiente (MAE), en coordinaci\u00f3n con la Gobernaci\u00f3n de Imbabura, la Prefectura y el GAD de Cotacachi entreg\u00f3 71 m3 de madera decomisada a la Junta Parroquial de Garc\u00eda Moreno. El producto forestal donado es resultado del Estado de Excepci\u00f3n decretado en Esmeraldas. Esta donaci\u00f3n tiene como prop\u00f3sito ayudar a los afectados por las lluvias y deslaves&hellip; <a href=\"https:\/\/www.ambienteyenergia.gob.ec\/ambiente\/mae-entrego-71-m3-de-madera-a-la-junta-parroquial-de-garcia-moreno-en-imbabura\/\">Read more &rarr;<\/a><\/p>\n","protected":false},"author":13,"featured_media":20574,"comment_status":"open","ping_status":"open","sticky":false,"template":"","format":"standard","meta":{"footnotes":""},"categories":[16,4],"tags":[],"class_list":["post-20572","post","type-post","status-publish","format-standard","has-post-thumbnail","hentry","category-comunicamos","category-noticias","xfolkentry"],"_links":{"self":[{"href":"https:\/\/www.ambienteyenergia.gob.ec\/ambiente\/wp-json\/wp\/v2\/posts\/20572","targetHints":{"allow":["GET"]}}],"collection":[{"href":"https:\/\/www.ambienteyenergia.gob.ec\/ambiente\/wp-json\/wp\/v2\/posts"}],"about":[{"href":"https:\/\/www.ambienteyenergia.gob.ec\/ambiente\/wp-json\/wp\/v2\/types\/post"}],"author":[{"embeddable":true,"href":"https:\/\/www.ambienteyenergia.gob.ec\/ambiente\/wp-json\/wp\/v2\/users\/13"}],"replies":[{"embeddable":true,"href":"https:\/\/www.ambienteyenergia.gob.ec\/ambiente\/wp-json\/wp\/v2\/comments?post=20572"}],"version-history":[{"count":0,"href":"https:\/\/www.ambienteyenergia.gob.ec\/ambiente\/wp-json\/wp\/v2\/posts\/20572\/revisions"}],"wp:featuredmedia":[{"embeddable":true,"href":"https:\/\/www.ambienteyenergia.gob.ec\/ambiente\/wp-json\/wp\/v2\/media\/20574"}],"wp:attachment":[{"href":"https:\/\/www.ambienteyenergia.gob.ec\/ambiente\/wp-json\/wp\/v2\/media?parent=20572"}],"wp:term":[{"taxonomy":"category","embeddable":true,"href":"https:\/\/www.ambienteyenergia.gob.ec\/ambiente\/wp-json\/wp\/v2\/categories?post=20572"},{"taxonomy":"post_tag","embeddable":true,"href":"https:\/\/www.ambienteyenergia.gob.ec\/ambiente\/wp-json\/wp\/v2\/tags?post=20572"}],"curies":[{"name":"wp","href":"https:\/\/api.w.org\/{rel}","templated":true}]}}