{"id":20568,"date":"2014-06-04T14:38:33","date_gmt":"2014-06-04T19:38:33","guid":{"rendered":"http:\/\/www.ambiente.gob.ec\/?p=20568"},"modified":"2014-06-06T09:00:15","modified_gmt":"2014-06-06T14:00:15","slug":"ministerio-del-ambiente-informa-sobre-los-horarios-para-visitar-santay","status":"publish","type":"post","link":"https:\/\/www.ambienteyenergia.gob.ec\/ambiente\/ministerio-del-ambiente-informa-sobre-los-horarios-para-visitar-santay\/","title":{"rendered":"Ministerio del Ambiente informa sobre los horarios para visitar Santay"},"content":{"rendered":"<p style=\"text-align: justify;\" align=\"center\">La apertura del puente peatonal y la ciclov\u00eda que une a Guayaquil con la Isla Santay permitir\u00e1 a los guayaquile\u00f1os disfrutar de este espacio natural, que\u00a0hoy, es un importante sitio de turismo ecol\u00f3gico y de conservaci\u00f3n.\u00a0<b>Los horarios de atenci\u00f3n en el Puente que une Guayaquil con Santay ser\u00e1 de 06:00 a 21:00, mientras que el acceso a la Isla ser\u00e1 de 06:00 a 17:00 (retorno de Isla a Guayaquil m\u00e1ximo hasta las 18:00), de lunes a domingo.<\/b><\/p>\n<p style=\"text-align: justify;\">Si bien, el incremento de turismo beneficiar\u00e1 a la poblaci\u00f3n local y a los visitantes, se debe lograr una sostenibilidad en las actividades tur\u00edsticas para evitar afectar sus ecosistemas. Para ello, el Ministerio del Ambiente (MAE), como principal rector ambiental del pa\u00eds, es el ente encargado de velar por el manejo adecuado del modelo de gesti\u00f3n Ecotur\u00edstica del \u00c1rea Nacional de Recreaci\u00f3n Isla Santay, que tiene como principal objetivo conservar la naturaleza y el uso racional de los bienes y servicios ambientales que ofrece la isla.<\/p>\n<p style=\"text-align: justify;\">Por la enorme afluencia de visitantes que est\u00e1 proyectada, esta Cartera de Estado establece claramente las diferentes modalidades de visitas, adem\u00e1s de determinar estrategias para la sostenibilidad de las instalaciones de uso p\u00fablico, las mismas que se presentan a continuaci\u00f3n.<\/p>\n<p style=\"text-align: justify;\"><strong>Para la zona de uso tur\u00edstico, las actividades permitidas son:<\/strong><\/p>\n<ul style=\"text-align: justify;\">\n<li>Ciclismo<\/li>\n<li>Senderismo (trekking)<\/li>\n<li>Observaci\u00f3n de flora y fauna.<\/li>\n<li>Descanso.<\/li>\n<\/ul>\n<p style=\"text-align: justify;\"><strong>Actividades Prohibidas:<\/strong><\/p>\n<ul style=\"text-align: justify;\">\n<li>Consumo bebidas alcoh\u00f3licas<\/li>\n<li>Mascotas.<\/li>\n<li>Ingreso de armas.<\/li>\n<li>Ingreso de marcadores y sprays.<\/li>\n<li>Hacer campamentos.<\/li>\n<li>Hacer fogatas.<\/li>\n<li>Visitas nocturnas.<\/li>\n<li>Arrojo de desperdicios.<\/li>\n<li>Colecci\u00f3n de flora.<\/li>\n<li>Cacer\u00eda.<\/li>\n<\/ul>\n<p style=\"text-align: justify;\">Otro de los componentes en los que trabajar\u00e1 el MAE es la Educaci\u00f3n Ambiental con el fin de concienciar a la ciudadan\u00eda sobre el cuidado que requiere esta \u00e1rea.<\/p>\n<p style=\"text-align: justify;\">Asimismo, se realizar\u00e1 una vigilancia permanente de las instalaciones a trav\u00e9s de guardias privados y personal de guardaparques, con el prop\u00f3sito de precautelar la integridad de los visitantes y disminuir los riesgos de da\u00f1os en la infraestructura construida.<\/p>\n","protected":false},"excerpt":{"rendered":"<p class=\"excerpt\">La apertura del puente peatonal y la ciclov\u00eda que une a Guayaquil con la Isla Santay permitir\u00e1 a los guayaquile\u00f1os disfrutar de este espacio natural, que\u00a0hoy, es un importante sitio de turismo ecol\u00f3gico y de conservaci\u00f3n.\u00a0Los horarios de atenci\u00f3n en el Puente que une Guayaquil con Santay ser\u00e1 de 06:00 a 21:00, mientras que el acceso a la Isla ser\u00e1&hellip; <a href=\"https:\/\/www.ambienteyenergia.gob.ec\/ambiente\/ministerio-del-ambiente-informa-sobre-los-horarios-para-visitar-santay\/\">Read more &rarr;<\/a><\/p>\n","protected":false},"author":13,"featured_media":20569,"comment_status":"open","ping_status":"open","sticky":false,"template":"","format":"standard","meta":{"footnotes":""},"categories":[16,20,4],"tags":[374,387],"class_list":["post-20568","post","type-post","status-publish","format-standard","has-post-thumbnail","hentry","category-comunicamos","category-el-ministerio","category-noticias","tag-isla-santay","tag-mae-lorena-tapia","xfolkentry"],"_links":{"self":[{"href":"https:\/\/www.ambienteyenergia.gob.ec\/ambiente\/wp-json\/wp\/v2\/posts\/20568","targetHints":{"allow":["GET"]}}],"collection":[{"href":"https:\/\/www.ambienteyenergia.gob.ec\/ambiente\/wp-json\/wp\/v2\/posts"}],"about":[{"href":"https:\/\/www.ambienteyenergia.gob.ec\/ambiente\/wp-json\/wp\/v2\/types\/post"}],"author":[{"embeddable":true,"href":"https:\/\/www.ambienteyenergia.gob.ec\/ambiente\/wp-json\/wp\/v2\/users\/13"}],"replies":[{"embeddable":true,"href":"https:\/\/www.ambienteyenergia.gob.ec\/ambiente\/wp-json\/wp\/v2\/comments?post=20568"}],"version-history":[{"count":0,"href":"https:\/\/www.ambienteyenergia.gob.ec\/ambiente\/wp-json\/wp\/v2\/posts\/20568\/revisions"}],"wp:featuredmedia":[{"embeddable":true,"href":"https:\/\/www.ambienteyenergia.gob.ec\/ambiente\/wp-json\/wp\/v2\/media\/20569"}],"wp:attachment":[{"href":"https:\/\/www.ambienteyenergia.gob.ec\/ambiente\/wp-json\/wp\/v2\/media?parent=20568"}],"wp:term":[{"taxonomy":"category","embeddable":true,"href":"https:\/\/www.ambienteyenergia.gob.ec\/ambiente\/wp-json\/wp\/v2\/categories?post=20568"},{"taxonomy":"post_tag","embeddable":true,"href":"https:\/\/www.ambienteyenergia.gob.ec\/ambiente\/wp-json\/wp\/v2\/tags?post=20568"}],"curies":[{"name":"wp","href":"https:\/\/api.w.org\/{rel}","templated":true}]}}